{"id":32501,"date":"2025-02-18T05:44:53","date_gmt":"2025-02-18T05:44:53","guid":{"rendered":"https:\/\/247stiri.ro\/index.php\/2025\/02\/18\/razboi-in-ucraina-ziua-1091-volodimir-zelenski-si-prima-doamna-olena-zelenska-in-vizita-oficiala-in-turcia-toti-ochii-atintiti-spre-arabia-saudita-live-text\/"},"modified":"2025-02-18T05:44:53","modified_gmt":"2025-02-18T05:44:53","slug":"razboi-in-ucraina-ziua-1091-volodimir-zelenski-si-prima-doamna-olena-zelenska-in-vizita-oficiala-in-turcia-toti-ochii-atintiti-spre-arabia-saudita-live-text","status":"publish","type":"post","link":"https:\/\/247stiri.ro\/index.php\/2025\/02\/18\/razboi-in-ucraina-ziua-1091-volodimir-zelenski-si-prima-doamna-olena-zelenska-in-vizita-oficiala-in-turcia-toti-ochii-atintiti-spre-arabia-saudita-live-text\/","title":{"rendered":"R\u0103zboi \u00een Ucraina, ziua 1091. Volodimir Zelenski \u015fi Prima Doamn\u0103 Olena Zelenska, \u00een vizit\u0103 oficial\u0103 \u00een Turcia. To\u021bi ochii, a\u021binti\u021bi spre Arabia Saudit\u0103 &#8211; LIVE TEXT"},"content":{"rendered":"<p>UPDATE 7:00 &#8211; Pre\u015fedintele Volodimir Zelenski \u015fi Prima Doamn\u0103 Olena Zelenska au sosit \u00een vizit\u0103 oficial\u0103 \u00een Turcia. Zelenski a anun\u0163at acest lucru pe social media, relateaz\u0103 Ukrinform.<\/p>\n<p>\u201dVizit\u0103 oficial\u0103 \u00een Turcia, \u00eempreun\u0103 cu Prima Doamn\u0103. \u00cent\u00e2lniri cu pre\u015fedintele Recep Tayyip Erdo\u011fan \u015fi Prima Doamn\u0103 Emine Erdo\u011fan. Schimburi de prizonieri &#8211; toate eforturile vor continua pentru a ne aduce oamenii acas\u0103\u201d, a precizat Zelenski, care a ad\u0103ugat c\u0103 p\u0103r\u0163ile vor discuta despre securitatea alimentar\u0103. Prima Doamn\u0103 va discuta despre diploma\u0163ia educa\u0163ional\u0103 \u015fi cultural\u0103.<\/p>\n<p>Potrivit Ukrinform, \u00een Abu Dhabi, \u00een timpul unei conferin\u0163e de pres\u0103 online cu jurnali\u015ftii ucraineni, pre\u015fedintele Zelenski a declarat c\u0103 Emiratele Arabe Unite vor deveni partenerul Ucrainei \u00een crearea primului hub alimentar de pe continentul african.<\/p>\n<p>UPDATE 6:19 &#8211; Pre\u0219edintele Macron: O pace &#8222;durabil\u0103&#8221; trebuie s\u0103 fie \u00eenso\u021bit\u0103 de &#8222;garan\u021bii de securitate puternice<\/p>\n<p>Pre\u0219edintele francez, Emmanuel Macron, a declarat mar\u021bi diminea\u021b\u0103 c\u0103 o pace &#8222;de durat\u0103&#8221; \u00een Ucraina trebuie s\u0103 fie \u00eenso\u021bit\u0103 de &#8222;garan\u021bii de securitate puternice \u0219i credibile&#8221;, dup\u0103 convorbiri telefonice cu pre\u0219edin\u021bii Trump \u0219i Zelenski, relateaz\u0103 AFP.<\/p>\n<p>&#8222;Ne dorim o pace puternic\u0103 \u0219i durabil\u0103 \u00een Ucraina. \u00cen acest scop, Rusia trebuie s\u0103 \u00ee\u0219i \u00eenceteze agresiunea \u0219i asta trebuie s\u0103 fie \u00eenso\u021bit\u0103 de garan\u021bii de securitate puternice \u0219i credibile pentru ucraineni&#8221;, a scris el pe X dup\u0103 o \u00eent\u00e2lnire a unor lideri europeni la Paris.<\/p>\n<p>&#8222;Dac\u0103 nu, riscul ar fi s\u0103 vedem aceast\u0103 \u00eencetare a focului sf\u00e2r\u0219ind ca acordurile de la Minsk&#8221;, a ad\u0103ugat Macron.<\/p>\n<p>El s-a referit la pactele din 2014 \u0219i 2015 \u00een vederea unei \u00eencet\u0103ri a focului care nu au reu\u0219it s\u0103 pun\u0103 cap\u0103t durabil ciocnirilor dintre armata ucrainean\u0103 \u0219i separati\u0219tii sus\u021binu\u021bi de Moscova \u00een estul Ucrainei.<\/p>\n<p>Convorbirea cu Zelenski a venit dup\u0103 ce Macron a organizat o reuniune de urgen\u021b\u0103 la Paris cu liderii europeni pentru a discuta despre r\u0103spunsul la schimbarea radical\u0103 a politicii SUA cu privire la Ucraina ini\u021biat\u0103 de pre\u0219edintele Donald Trump.<\/p>\n<p>Liderii europeni se tem c\u0103 pre\u0219edintele republican ar dori s\u0103 negocieze un acord de pace cu Rusia \u00een discu\u021bii care nu implic\u0103 Kievul, \u0219i cu at\u00e2t mai pu\u021bin Uniunea European\u0103.<\/p>","protected":false},"excerpt":{"rendered":"<p>UPDATE 7:00 &#8211; Pre\u015fedintele Volodimir Zelenski \u015fi Prima Doamn\u0103 Olena Zelenska au sosit \u00een vizit\u0103&hellip;<\/p>\n","protected":false},"author":0,"featured_media":32502,"comment_status":"open","ping_status":"open","sticky":false,"template":"","format":"standard","meta":{"footnotes":""},"categories":[4],"tags":[],"class_list":["post-32501","post","type-post","status-publish","format-standard","has-post-thumbnail","hentry","category-extern"],"_links":{"self":[{"href":"https:\/\/247stiri.ro\/index.php\/wp-json\/wp\/v2\/posts\/32501","targetHints":{"allow":["GET"]}}],"collection":[{"href":"https:\/\/247stiri.ro\/index.php\/wp-json\/wp\/v2\/posts"}],"about":[{"href":"https:\/\/247stiri.ro\/index.php\/wp-json\/wp\/v2\/types\/post"}],"replies":[{"embeddable":true,"href":"https:\/\/247stiri.ro\/index.php\/wp-json\/wp\/v2\/comments?post=32501"}],"version-history":[{"count":0,"href":"https:\/\/247stiri.ro\/index.php\/wp-json\/wp\/v2\/posts\/32501\/revisions"}],"wp:featuredmedia":[{"embeddable":true,"href":"https:\/\/247stiri.ro\/index.php\/wp-json\/wp\/v2\/media\/32502"}],"wp:attachment":[{"href":"https:\/\/247stiri.ro\/index.php\/wp-json\/wp\/v2\/media?parent=32501"}],"wp:term":[{"taxonomy":"category","embeddable":true,"href":"https:\/\/247stiri.ro\/index.php\/wp-json\/wp\/v2\/categories?post=32501"},{"taxonomy":"post_tag","embeddable":true,"href":"https:\/\/247stiri.ro\/index.php\/wp-json\/wp\/v2\/tags?post=32501"}],"curies":[{"name":"wp","href":"https:\/\/api.w.org\/{rel}","templated":true}]}}