{"id":32514,"date":"2025-02-18T06:45:10","date_gmt":"2025-02-18T06:45:10","guid":{"rendered":"https:\/\/247stiri.ro\/index.php\/2025\/02\/18\/imagini-cu-vila-in-care-urma-sa-se-mute-klaus-iohannis-marius-tuca-era-o-adevarata-padure-aici-dar-a-chelit-tot-locul-au-pus-3-copacei\/"},"modified":"2025-02-18T06:45:10","modified_gmt":"2025-02-18T06:45:10","slug":"imagini-cu-vila-in-care-urma-sa-se-mute-klaus-iohannis-marius-tuca-era-o-adevarata-padure-aici-dar-a-chelit-tot-locul-au-pus-3-copacei","status":"publish","type":"post","link":"https:\/\/247stiri.ro\/index.php\/2025\/02\/18\/imagini-cu-vila-in-care-urma-sa-se-mute-klaus-iohannis-marius-tuca-era-o-adevarata-padure-aici-dar-a-chelit-tot-locul-au-pus-3-copacei\/","title":{"rendered":"IMAGINI cu vila \u00een care urma s\u0103 se mute Klaus Iohannis. Marius Tuc\u0103: Era o adev\u0103rat\u0103 p\u0103dure aici, dar a chelit tot locul &#8211; au pus 3 cop\u0103cei"},"content":{"rendered":"<p>\u201dSa vedeti casa despre care se vorbeste ca se va muta Klaus Werner Iohannis, casa in care a stat fostul presedinte, cel caruia nu i se spune numele, si-a facut si un chiosculet. Dupa cum vedeti, a taiat toti copacii, era o adevarata padure aici. Dar a chelit tot locul, au pus 3 copacei, mai era si o vaca si cand a plecat si-a luat si vaca cu el\u201d, spune <a href=\"https:\/\/www.realitatea.net\/stiri\/actual\/marius-tuca-il-face-praf-pe-bolojan-are-tupeu-el-vorbeste-de-alegeri-libere-prin-el-reteaua-soros-incearca-sa-reziste-in-romania-video_67ae37c048c6766a715b0412\" target=\"_blank\">Marius Tuc\u0103<\/a>.\u00a0<\/p>","protected":false},"excerpt":{"rendered":"<p>\u201dSa vedeti casa despre care se vorbeste ca se va muta Klaus Werner Iohannis, casa&hellip;<\/p>\n","protected":false},"author":0,"featured_media":32515,"comment_status":"open","ping_status":"open","sticky":false,"template":"","format":"standard","meta":{"footnotes":""},"categories":[3],"tags":[],"class_list":["post-32514","post","type-post","status-publish","format-standard","has-post-thumbnail","hentry","category-politica"],"_links":{"self":[{"href":"https:\/\/247stiri.ro\/index.php\/wp-json\/wp\/v2\/posts\/32514","targetHints":{"allow":["GET"]}}],"collection":[{"href":"https:\/\/247stiri.ro\/index.php\/wp-json\/wp\/v2\/posts"}],"about":[{"href":"https:\/\/247stiri.ro\/index.php\/wp-json\/wp\/v2\/types\/post"}],"replies":[{"embeddable":true,"href":"https:\/\/247stiri.ro\/index.php\/wp-json\/wp\/v2\/comments?post=32514"}],"version-history":[{"count":0,"href":"https:\/\/247stiri.ro\/index.php\/wp-json\/wp\/v2\/posts\/32514\/revisions"}],"wp:featuredmedia":[{"embeddable":true,"href":"https:\/\/247stiri.ro\/index.php\/wp-json\/wp\/v2\/media\/32515"}],"wp:attachment":[{"href":"https:\/\/247stiri.ro\/index.php\/wp-json\/wp\/v2\/media?parent=32514"}],"wp:term":[{"taxonomy":"category","embeddable":true,"href":"https:\/\/247stiri.ro\/index.php\/wp-json\/wp\/v2\/categories?post=32514"},{"taxonomy":"post_tag","embeddable":true,"href":"https:\/\/247stiri.ro\/index.php\/wp-json\/wp\/v2\/tags?post=32514"}],"curies":[{"name":"wp","href":"https:\/\/api.w.org\/{rel}","templated":true}]}}