{"id":32518,"date":"2025-02-18T06:45:11","date_gmt":"2025-02-18T06:45:11","guid":{"rendered":"https:\/\/247stiri.ro\/index.php\/2025\/02\/18\/hurezean-si-predoiu-explicatii-penibile-dupa-ce-polonia-a-jucat-rolul-romaniei-la-summitul-de-la-paris-avem-mult-de-lucru-in-politica-externa\/"},"modified":"2025-02-18T06:45:11","modified_gmt":"2025-02-18T06:45:11","slug":"hurezean-si-predoiu-explicatii-penibile-dupa-ce-polonia-a-jucat-rolul-romaniei-la-summitul-de-la-paris-avem-mult-de-lucru-in-politica-externa","status":"publish","type":"post","link":"https:\/\/247stiri.ro\/index.php\/2025\/02\/18\/hurezean-si-predoiu-explicatii-penibile-dupa-ce-polonia-a-jucat-rolul-romaniei-la-summitul-de-la-paris-avem-mult-de-lucru-in-politica-externa\/","title":{"rendered":"Hurezean \u0219i Predoiu, explica\u021bii penibile dup\u0103 ce Polonia a jucat rolul Rom\u00e2niei la Summitul de la Paris: Avem mult de lucru \u00een politica extern\u0103"},"content":{"rendered":"<p>&#8222;Nu sunt nici \u021b\u0103rile baltice, nici \u021b\u0103rile din sud-estul Europei, Bulgaria, Grecia, Croa\u021bia, s\u0103 zicem. Exist\u0103 un mandat tacit, \u00eencercat, \u00eens\u0103 verificat de reprezentare. Polonia este \u021bara flancului estic, care, n-ar fi prima oar\u0103, reprezint\u0103 \u0219i interesele noastre, care suntem a doilea mare pilon dup\u0103 Polonia, \u0219i interesele \u021b\u0103rii baltice pe acest flanc estic de securitate european\u0103 \u0219i atlantic\u0103&#8221;, a declarat Emil Hurezeanu \u00eentr-o interven\u021bie la un post TV.\u00a0Totodat\u0103, ministrul de Externe, Emil Hurezeanu, a subliniat c\u0103 exist\u0103 posibilitatea s\u0103 aib\u0103 loc \u0219i o a doua \u00eent\u00e2lnire a liderilor europeni, organizat\u0103 de pre\u0219edintele Fran\u021bei. Subiectul discu\u021biei fiind acela\u0219i: rolul Europei \u00een cazul \u00een care Rusia pune cap\u0103t r\u0103zboiului din Ucraina.Explica\u021bii privind absen\u021ba Rom\u00e2niei de la Summitul de la Paris au venit \u0219i din partea liderului interimar al PNL.&#8221;Nu este singurul stat, e un format special si s-a anuntat deja ca acest format va fi extins. Avem mult de lucru in politica externa, mult de facut in contactele noastre &#8211; si europene si americane &#8211; si sunt convins ca acest efort se va intensifica. Exista un travaliu intens care se face de diplomatie si el trebuie intensificat pentru a inmulti aceste contacte&#8221;, a afirmat Predoiu.<\/p>","protected":false},"excerpt":{"rendered":"<p>&#8222;Nu sunt nici \u021b\u0103rile baltice, nici \u021b\u0103rile din sud-estul Europei, Bulgaria, Grecia, Croa\u021bia, s\u0103 zicem.&hellip;<\/p>\n","protected":false},"author":0,"featured_media":32519,"comment_status":"open","ping_status":"open","sticky":false,"template":"","format":"standard","meta":{"footnotes":""},"categories":[3],"tags":[],"class_list":["post-32518","post","type-post","status-publish","format-standard","has-post-thumbnail","hentry","category-politica"],"_links":{"self":[{"href":"https:\/\/247stiri.ro\/index.php\/wp-json\/wp\/v2\/posts\/32518","targetHints":{"allow":["GET"]}}],"collection":[{"href":"https:\/\/247stiri.ro\/index.php\/wp-json\/wp\/v2\/posts"}],"about":[{"href":"https:\/\/247stiri.ro\/index.php\/wp-json\/wp\/v2\/types\/post"}],"replies":[{"embeddable":true,"href":"https:\/\/247stiri.ro\/index.php\/wp-json\/wp\/v2\/comments?post=32518"}],"version-history":[{"count":0,"href":"https:\/\/247stiri.ro\/index.php\/wp-json\/wp\/v2\/posts\/32518\/revisions"}],"wp:featuredmedia":[{"embeddable":true,"href":"https:\/\/247stiri.ro\/index.php\/wp-json\/wp\/v2\/media\/32519"}],"wp:attachment":[{"href":"https:\/\/247stiri.ro\/index.php\/wp-json\/wp\/v2\/media?parent=32518"}],"wp:term":[{"taxonomy":"category","embeddable":true,"href":"https:\/\/247stiri.ro\/index.php\/wp-json\/wp\/v2\/categories?post=32518"},{"taxonomy":"post_tag","embeddable":true,"href":"https:\/\/247stiri.ro\/index.php\/wp-json\/wp\/v2\/tags?post=32518"}],"curies":[{"name":"wp","href":"https:\/\/api.w.org\/{rel}","templated":true}]}}