{"id":32520,"date":"2025-02-18T06:45:11","date_gmt":"2025-02-18T06:45:11","guid":{"rendered":"https:\/\/247stiri.ro\/index.php\/2025\/02\/18\/calin-georgescu-europa-are-nevoie-de-un-popor-roman-puternic-iar-sua-asteapta-sa-demonstram-ca-avem-valori-comune\/"},"modified":"2025-02-18T06:45:11","modified_gmt":"2025-02-18T06:45:11","slug":"calin-georgescu-europa-are-nevoie-de-un-popor-roman-puternic-iar-sua-asteapta-sa-demonstram-ca-avem-valori-comune","status":"publish","type":"post","link":"https:\/\/247stiri.ro\/index.php\/2025\/02\/18\/calin-georgescu-europa-are-nevoie-de-un-popor-roman-puternic-iar-sua-asteapta-sa-demonstram-ca-avem-valori-comune\/","title":{"rendered":"C\u0103lin Georgescu: Europa are nevoie de un popor rom\u00e2n puternic, iar SUA a\u0219teapt\u0103 s\u0103 demonstr\u0103m c\u0103 avem valori comune"},"content":{"rendered":"<p>&#8222;Poporul este singurul conduc\u0103tor legitim \u00eentr-o democra\u021bie, singurul. Prin ac\u021biunea noastr\u0103 vom inspira cu siguran\u021b\u0103 \u0219i alte na\u021biuni. Europa are nevoie de un popor rom\u00e2n puternic, \u00een perspectiva propriilor alegeri electorale, Germania \u0219i Polonia au nevoie de un mesaj ferm c\u0103 nimeni nu are dreptul s\u0103 intervin\u0103 asupra votului liber. Iar partenerul nostru strategic SUA se a\u0219teapt\u0103 s\u0103 demonstr\u0103m c\u0103 suntem un reper al valorilor democratice comune. Ei au \u00eencredere \u00een poporul rom\u00e2n, nu \u00een politicienii care au corupt inclusiv parteneriatele europene \u0219i euroatlantice. Mul\u021bumesc pentru sprijin partidelor patriotice, AUR \u0219i POT, partide care au \u00een\u021beles ce a transmis poporul rom\u00e2n. Sunt singurii care au ascultat \u0219i au pur rom\u00e2nii \u0219i interesul na\u021bional mai presus de orice. Pe l\u00e2ng\u0103 listele de semn\u0103turi pe care partidul AUR \u0219i POT le vor str\u00e2nge prin propria logistic\u0103, rog to\u021bi sus\u021bin\u0103torii s\u0103 dea dovad\u0103 de unire \u00een numele libert\u0103\u021bii noastre. Politica deja se schimb\u0103 \u00een interesul na\u021bional \u0219i pentru prima dat\u0103 dup\u0103 35 de ani, schimbarea devine palpabil\u0103 \u0219i este una \u00een bine. Pentru cei care nu pot ajunge s\u00e2mb\u0103t\u0103 la Bucure\u0219ti si doresc s\u0103 transmit\u0103 liste de semn\u0103turi pot face acest lucru prin po\u0219t\u0103 p\u00e2n\u0103 pe 10 martie la o adres\u0103 fizic\u0103 pe care o vom comunica \u00een cel mai scurt timp.\u00a0Dragii mei, re\u021bine\u021bi c\u0103 totul r\u0103m\u00e2ne o chemare, nu o campanie electoral\u0103, o chemare cu buget 0 pentru c\u0103 niciodat\u0103 nu po\u021bi pune pre\u021b pe libertatea unui popor. Dac\u0103 nu avem bani de pensii \u0219i de salarii atunci nu avem voie s\u0103 decont\u0103m nimic de la stat. \u00cei ve\u021bi recunoa\u0219te u\u0219or pe fal\u0219ii candida\u021bi, sunt cei care vor s\u0103 mai scoat\u0103 prin campania electoral\u0103 al\u021bi bani, numele \u0219i chipurile lor vor fi pe panouri publicitare, pe afi\u0219e, le ve\u021bi vedea partidul \u0219i atunci ve\u021bi \u0219tii cine vrea s\u0103 mai ia din banii no\u0219tri \u00eenc\u0103 odat\u0103 \u0219i cine va pl\u0103ti din nou din banii no\u0219tri presa aservit\u0103 pentru a ne denigra numindu-ne pleava societ\u0103\u021bii. Pe 22 februarie poporul se va uni \u0219i atunci sistemul se va pr\u0103bu\u0219i, noi suntem poporul, Rom\u00e2nia, \u00een noi este puterea&#8221;, a transmis pre\u0219edintele ales C\u0103lin Georgescu.\u00a0<\/p>","protected":false},"excerpt":{"rendered":"<p>&#8222;Poporul este singurul conduc\u0103tor legitim \u00eentr-o democra\u021bie, singurul. Prin ac\u021biunea noastr\u0103 vom inspira cu siguran\u021b\u0103&hellip;<\/p>\n","protected":false},"author":0,"featured_media":32521,"comment_status":"open","ping_status":"open","sticky":false,"template":"","format":"standard","meta":{"footnotes":""},"categories":[3],"tags":[],"class_list":["post-32520","post","type-post","status-publish","format-standard","has-post-thumbnail","hentry","category-politica"],"_links":{"self":[{"href":"https:\/\/247stiri.ro\/index.php\/wp-json\/wp\/v2\/posts\/32520","targetHints":{"allow":["GET"]}}],"collection":[{"href":"https:\/\/247stiri.ro\/index.php\/wp-json\/wp\/v2\/posts"}],"about":[{"href":"https:\/\/247stiri.ro\/index.php\/wp-json\/wp\/v2\/types\/post"}],"replies":[{"embeddable":true,"href":"https:\/\/247stiri.ro\/index.php\/wp-json\/wp\/v2\/comments?post=32520"}],"version-history":[{"count":0,"href":"https:\/\/247stiri.ro\/index.php\/wp-json\/wp\/v2\/posts\/32520\/revisions"}],"wp:featuredmedia":[{"embeddable":true,"href":"https:\/\/247stiri.ro\/index.php\/wp-json\/wp\/v2\/media\/32521"}],"wp:attachment":[{"href":"https:\/\/247stiri.ro\/index.php\/wp-json\/wp\/v2\/media?parent=32520"}],"wp:term":[{"taxonomy":"category","embeddable":true,"href":"https:\/\/247stiri.ro\/index.php\/wp-json\/wp\/v2\/categories?post=32520"},{"taxonomy":"post_tag","embeddable":true,"href":"https:\/\/247stiri.ro\/index.php\/wp-json\/wp\/v2\/tags?post=32520"}],"curies":[{"name":"wp","href":"https:\/\/api.w.org\/{rel}","templated":true}]}}