{"id":32539,"date":"2025-02-18T07:44:49","date_gmt":"2025-02-18T07:44:49","guid":{"rendered":"https:\/\/247stiri.ro\/index.php\/2025\/02\/18\/inca-o-zi-cu-trafic-in-conditii-de-iarna-pe-aeroporturile-otopeni-si-baneasa-din-capitala-nicio-cursa-nu-este-anulata-video\/"},"modified":"2025-02-18T07:44:49","modified_gmt":"2025-02-18T07:44:49","slug":"inca-o-zi-cu-trafic-in-conditii-de-iarna-pe-aeroporturile-otopeni-si-baneasa-din-capitala-nicio-cursa-nu-este-anulata-video","status":"publish","type":"post","link":"https:\/\/247stiri.ro\/index.php\/2025\/02\/18\/inca-o-zi-cu-trafic-in-conditii-de-iarna-pe-aeroporturile-otopeni-si-baneasa-din-capitala-nicio-cursa-nu-este-anulata-video\/","title":{"rendered":"\u00cenc\u0103 o zi cu trafic \u00een condi\u021bii de iarn\u0103 pe Aeroporturile Otopeni \u0219i B\u0103neasa din Capital\u0103. Nicio curs\u0103 nu este anulat\u0103 VIDEO"},"content":{"rendered":"<p>\u201dPe Aeroportul Interna\u0163ional Henri Coand\u0103 Bucure\u015fti \u015fi Aeroportul Interna\u0163ional Bucure\u015fti B\u0103neasa &#8211; Aurel Vlaicu traficul aerian se desf\u0103\u015foar\u0103 \u00een condi\u0163ii de ninsoare viscolit\u0103, dar \u00een parametri normali, conform planurilor de zbor. Nicio curs\u0103 nu este anulat\u0103 din motive meteo\u201d, transmite compania.<\/p>\n<p>\u00a0Pistele, platformele \u015fi c\u0103ile de rulare a aeronavelor sunt deschise \u015fi opera\u0163ionale.<\/p>\n<p>\u201dSe intervine constant cu utilajele proprii pentru men\u0163inerea suprafe\u0163elor de mi\u015fcare \u00een condi\u0163ii bune de operare pe ambele aeroporturi ale Capitalei\u201d, precizeaz\u0103 CNAB.\u00a0<\/p>\n\n<p>Conform sursei citate, aeronavele aterizeaz\u0103 \u015fi decoleaz\u0103 \u00een siguran\u0163\u0103: \u201dZborurile pot \u00eenregistra \u00eent\u00e2rzieri generate de necesitatea degivr\u0103rii aeronavelor, care se efectueaz\u0103 dup\u0103 \u00eembarcarea pasagerilor\u201d.<\/p>","protected":false},"excerpt":{"rendered":"<p>\u201dPe Aeroportul Interna\u0163ional Henri Coand\u0103 Bucure\u015fti \u015fi Aeroportul Interna\u0163ional Bucure\u015fti B\u0103neasa &#8211; Aurel Vlaicu traficul&hellip;<\/p>\n","protected":false},"author":0,"featured_media":32540,"comment_status":"open","ping_status":"open","sticky":false,"template":"","format":"standard","meta":{"footnotes":""},"categories":[2],"tags":[],"class_list":["post-32539","post","type-post","status-publish","format-standard","has-post-thumbnail","hentry","category-actual"],"_links":{"self":[{"href":"https:\/\/247stiri.ro\/index.php\/wp-json\/wp\/v2\/posts\/32539","targetHints":{"allow":["GET"]}}],"collection":[{"href":"https:\/\/247stiri.ro\/index.php\/wp-json\/wp\/v2\/posts"}],"about":[{"href":"https:\/\/247stiri.ro\/index.php\/wp-json\/wp\/v2\/types\/post"}],"replies":[{"embeddable":true,"href":"https:\/\/247stiri.ro\/index.php\/wp-json\/wp\/v2\/comments?post=32539"}],"version-history":[{"count":0,"href":"https:\/\/247stiri.ro\/index.php\/wp-json\/wp\/v2\/posts\/32539\/revisions"}],"wp:featuredmedia":[{"embeddable":true,"href":"https:\/\/247stiri.ro\/index.php\/wp-json\/wp\/v2\/media\/32540"}],"wp:attachment":[{"href":"https:\/\/247stiri.ro\/index.php\/wp-json\/wp\/v2\/media?parent=32539"}],"wp:term":[{"taxonomy":"category","embeddable":true,"href":"https:\/\/247stiri.ro\/index.php\/wp-json\/wp\/v2\/categories?post=32539"},{"taxonomy":"post_tag","embeddable":true,"href":"https:\/\/247stiri.ro\/index.php\/wp-json\/wp\/v2\/tags?post=32539"}],"curies":[{"name":"wp","href":"https:\/\/api.w.org\/{rel}","templated":true}]}}