{"id":32560,"date":"2025-02-18T08:45:14","date_gmt":"2025-02-18T08:45:14","guid":{"rendered":"https:\/\/247stiri.ro\/index.php\/2025\/02\/18\/risc-urias-de-avalansa-in-muntii-carpati-salvamontistii-trag-un-semnal-de-alarma\/"},"modified":"2025-02-18T08:45:14","modified_gmt":"2025-02-18T08:45:14","slug":"risc-urias-de-avalansa-in-muntii-carpati-salvamontistii-trag-un-semnal-de-alarma","status":"publish","type":"post","link":"https:\/\/247stiri.ro\/index.php\/2025\/02\/18\/risc-urias-de-avalansa-in-muntii-carpati-salvamontistii-trag-un-semnal-de-alarma\/","title":{"rendered":"Risc uria\u0219 de AVALAN\u0218\u0102 \u00een Mun\u021bii Carpa\u0163i! Salvamonti\u0219tii trag un semnal de alarm\u0103"},"content":{"rendered":"<p>Potrivit Dispeceratului Na\u0163ional Salvamont, \u00een Carpa\u0163ii Meridionali \u015fi cei Orientali, la peste 1.800 de metri, z\u0103pada nou-c\u0103zut\u0103 a format un strat de 15-20 de centimetri, este pr\u0103fuit\u0103, u\u015foar\u0103, f\u0103r\u0103 consisten\u0163\u0103 \u015fi pu\u0163in stabil\u0103.\u201ePe v\u0103i \u015fi \u00een zonele ad\u0103postite sunt \u00eens\u0103 depozite mai \u00eensemnate, de 50-60 de centimetri. Stratul de pulver este depus peste stratul u\u015for de 5-10 cm existent \u00eenaintea ninsorilor, sub care se afl\u0103 z\u0103pada veche \u015fi deja \u00eent\u0103rit\u0103, la care nu prezint\u0103 aderen\u0163\u0103. \u00cen apropierea crestelor sunt formate unele pl\u0103ci de v\u00e2nt, fragile \u015fi cu rezisten\u0163\u0103 sc\u0103zut\u0103\u201d, avertizeaz\u0103 salvamonti\u015ftii.<\/p>\n<p>Salvatorii montani informeaz\u0103 c\u0103 \u00een continuare \u201emetamorfoza\u201d z\u0103pezii va fi \u00eencetinit\u0103 de temperaturile extrem de sc\u0103zute care se vor \u00eenregistra, astfel \u00eenc\u00e2t aceasta \u00ee\u015fi va p\u0103stra structura, dar avertizeaz\u0103 c\u0103 stratul de z\u0103pad\u0103 praf va mai cre\u015fte, astfel \u00eenc\u00e2t, chiar \u015fi la supra\u00eenc\u0103rc\u0103ri slabe, se poate fisura \u015fi disloca, alunec\u00e2nd peste stratul \u00eent\u0103rit din interior \u015fi duc\u00e2nd la declan\u015farea de avalan\u015fe de dimensiuni medii, izolat mari.Sursa citat\u0103 men\u0163ioneaz\u0103 c\u0103 \u00een intreaga zona montan\u0103 descris\u0103 riscul de avalansa este 2, iar in Masivul Bucegi riscul va fi \u00eensemnat (3), potrivit Buletinului nivometeorologic din 17 februarie.\u201eCum se preconizeaz\u0103 ninsori \u015fi \u00een cursul zilei de ast\u0103zi (n. red. mar\u0163i) preconiz\u0103m c\u0103 riscul de avalan\u015f\u0103 va fi \u00een cre\u015ftere. NU v\u0103 aventura\u0163i pe traseele montane de altitudine p\u00e2n\u0103 c\u00e2nd stratul de z\u0103pad\u0103 nu se va stabiliza\u201d, este avertismentul salvamonti\u015ftilor.<\/p>","protected":false},"excerpt":{"rendered":"<p>Potrivit Dispeceratului Na\u0163ional Salvamont, \u00een Carpa\u0163ii Meridionali \u015fi cei Orientali, la peste 1.800 de metri,&hellip;<\/p>\n","protected":false},"author":0,"featured_media":32561,"comment_status":"open","ping_status":"open","sticky":false,"template":"","format":"standard","meta":{"footnotes":""},"categories":[2],"tags":[],"class_list":["post-32560","post","type-post","status-publish","format-standard","has-post-thumbnail","hentry","category-actual"],"_links":{"self":[{"href":"https:\/\/247stiri.ro\/index.php\/wp-json\/wp\/v2\/posts\/32560","targetHints":{"allow":["GET"]}}],"collection":[{"href":"https:\/\/247stiri.ro\/index.php\/wp-json\/wp\/v2\/posts"}],"about":[{"href":"https:\/\/247stiri.ro\/index.php\/wp-json\/wp\/v2\/types\/post"}],"replies":[{"embeddable":true,"href":"https:\/\/247stiri.ro\/index.php\/wp-json\/wp\/v2\/comments?post=32560"}],"version-history":[{"count":0,"href":"https:\/\/247stiri.ro\/index.php\/wp-json\/wp\/v2\/posts\/32560\/revisions"}],"wp:featuredmedia":[{"embeddable":true,"href":"https:\/\/247stiri.ro\/index.php\/wp-json\/wp\/v2\/media\/32561"}],"wp:attachment":[{"href":"https:\/\/247stiri.ro\/index.php\/wp-json\/wp\/v2\/media?parent=32560"}],"wp:term":[{"taxonomy":"category","embeddable":true,"href":"https:\/\/247stiri.ro\/index.php\/wp-json\/wp\/v2\/categories?post=32560"},{"taxonomy":"post_tag","embeddable":true,"href":"https:\/\/247stiri.ro\/index.php\/wp-json\/wp\/v2\/tags?post=32560"}],"curies":[{"name":"wp","href":"https:\/\/api.w.org\/{rel}","templated":true}]}}