{"id":32563,"date":"2025-02-18T08:45:15","date_gmt":"2025-02-18T08:45:15","guid":{"rendered":"https:\/\/247stiri.ro\/index.php\/2025\/02\/18\/giorgia-meloni-solidara-cu-romania-si-a-alte-tari-estice-in-urma-excluderii-de-la-summitul-de-la-paris\/"},"modified":"2025-02-18T08:45:15","modified_gmt":"2025-02-18T08:45:15","slug":"giorgia-meloni-solidara-cu-romania-si-a-alte-tari-estice-in-urma-excluderii-de-la-summitul-de-la-paris","status":"publish","type":"post","link":"https:\/\/247stiri.ro\/index.php\/2025\/02\/18\/giorgia-meloni-solidara-cu-romania-si-a-alte-tari-estice-in-urma-excluderii-de-la-summitul-de-la-paris\/","title":{"rendered":"Giorgia Meloni, solidar\u0103 cu Rom\u00e2nia \u0219i a alte \u021b\u0103ri estice, \u00een urma excluderii de la Summitul de la Paris"},"content":{"rendered":"<p>Premierul italian a declarat pentru Corriere della Sera c\u0103 \u201etoat\u0103 Uniunea European\u0103 a contribuit financiar \u0219i militar\u201d la r\u0103zboiul din Ucraina, insist\u00e2nd c\u0103 blocul comunitar trebuie s\u0103 g\u0103seasc\u0103 o pozi\u021bie comun\u0103.<\/p>\n<p>Meloni s-a ar\u0103tat \u00een acord cu Germania, Polonia \u0219i Spania, care consider\u0103 c\u0103 este prea devreme pentru discu\u021bii privind trimiterea de trupe \u00een Ucraina, spun\u00e2nd c\u0103 acest demers este \u201ecomplex \u0219i cel mai pu\u021bin eficient\u201d.<\/p>\n<p>\u00cen cadrul summit-ului, Meloni a parafrazat un celebru citat al pre\u0219edintelui american JFK, afirm\u00e2nd c\u0103 \u201eacesta nu este un summit \u00eempotriva lui Trump \u0219i nici nu trebuie s\u0103 fie\u201d \u0219i ad\u0103ug\u00e2nd c\u0103 \u201enu trebuie s\u0103 ne \u00eentreb\u0103m ce pot face americanii pentru noi, ci ce putem face noi pentru noi\u201d.<\/p>\n<p>De\u0219i a ajuns ultima la discu\u021bii, Meloni a plecat ultima, dup\u0103 o conversa\u021bie privat\u0103 cu Emmanuel Macron, care a condus-o la ma\u0219in\u0103 \u0219i a \u00eembr\u0103\u021bi\u0219at-o \u00eenainte de plecare.<\/p>","protected":false},"excerpt":{"rendered":"<p>Premierul italian a declarat pentru Corriere della Sera c\u0103 \u201etoat\u0103 Uniunea European\u0103 a contribuit financiar&hellip;<\/p>\n","protected":false},"author":0,"featured_media":32564,"comment_status":"open","ping_status":"open","sticky":false,"template":"","format":"standard","meta":{"footnotes":""},"categories":[2],"tags":[],"class_list":["post-32563","post","type-post","status-publish","format-standard","has-post-thumbnail","hentry","category-actual"],"_links":{"self":[{"href":"https:\/\/247stiri.ro\/index.php\/wp-json\/wp\/v2\/posts\/32563","targetHints":{"allow":["GET"]}}],"collection":[{"href":"https:\/\/247stiri.ro\/index.php\/wp-json\/wp\/v2\/posts"}],"about":[{"href":"https:\/\/247stiri.ro\/index.php\/wp-json\/wp\/v2\/types\/post"}],"replies":[{"embeddable":true,"href":"https:\/\/247stiri.ro\/index.php\/wp-json\/wp\/v2\/comments?post=32563"}],"version-history":[{"count":0,"href":"https:\/\/247stiri.ro\/index.php\/wp-json\/wp\/v2\/posts\/32563\/revisions"}],"wp:featuredmedia":[{"embeddable":true,"href":"https:\/\/247stiri.ro\/index.php\/wp-json\/wp\/v2\/media\/32564"}],"wp:attachment":[{"href":"https:\/\/247stiri.ro\/index.php\/wp-json\/wp\/v2\/media?parent=32563"}],"wp:term":[{"taxonomy":"category","embeddable":true,"href":"https:\/\/247stiri.ro\/index.php\/wp-json\/wp\/v2\/categories?post=32563"},{"taxonomy":"post_tag","embeddable":true,"href":"https:\/\/247stiri.ro\/index.php\/wp-json\/wp\/v2\/tags?post=32563"}],"curies":[{"name":"wp","href":"https:\/\/api.w.org\/{rel}","templated":true}]}}