{"id":32572,"date":"2025-02-18T09:44:47","date_gmt":"2025-02-18T09:44:47","guid":{"rendered":"https:\/\/247stiri.ro\/index.php\/2025\/02\/18\/emil-hurezeanu-chemat-de-urgenta-la-guvern-sa-explice-declaratiile-controversate-din-spatiul-public\/"},"modified":"2025-02-18T09:44:47","modified_gmt":"2025-02-18T09:44:47","slug":"emil-hurezeanu-chemat-de-urgenta-la-guvern-sa-explice-declaratiile-controversate-din-spatiul-public","status":"publish","type":"post","link":"https:\/\/247stiri.ro\/index.php\/2025\/02\/18\/emil-hurezeanu-chemat-de-urgenta-la-guvern-sa-explice-declaratiile-controversate-din-spatiul-public\/","title":{"rendered":"Emil Hurezeanu, chemat DE URGEN\u021a\u0102 la Guvern s\u0103 explice declara\u021biile controversate din spa\u021biul public"},"content":{"rendered":"<p>Ministrul Emil Hurezeanu va fi chemat, mar\u021bi, la Palatul Victoria pentru a da explica\u021bii dup\u0103 umilin\u021bele la care a fost supus\u0103 Rom\u00e2nia zilele acestea, relateaz\u0103 Realitatea PLUS.\u00a0<\/p>\n<p>&#8222;Este o situa\u021bie destul de jenant\u0103 \u0219i este regretabil c\u0103 am ajuns \u00een ea. Nu \u0219tiu care au fost \u00eemprejur\u0103rile care au determinat-o dar, \u00een orice caz, e limpede c\u0103 dl. ministru trebuie s\u0103 dea o explica\u021bie conving\u0103toare tuturor rom\u00e2nilor.\u00a0<\/p>\n<p><a href=\"https:\/\/www.realitatea.net\/stiri\/politica\/hurezean-si-predoiu-explicatii-penibile-dupa-ce-polonia-a-jucat-rolul-romaniei-la-summitul-de-la-paris-avem-mult-de-lucru-in-politica-externa_67b422884bc82445c906c6a2\" target=\"_blank\">Hurezeanu \u0219i Predoiu, explica\u021bii penibile dup\u0103 ce Polonia a jucat rolul Rom\u00e2niei la Summitul de la Paris: Avem mult de lucru \u00een politica extern\u0103<\/a><\/p>\n<p>Acele state sau teritorii care nu au politic\u0103 extern\u0103 &#8211; cum se \u00eent\u00e2mpl\u0103 \u00een Rom\u00e2nia ast\u0103zi &#8211; se numesc protestorate, sunt sub protec\u021bia cuiva. Noi am spune c\u0103 suntem sub protec\u021bia cuiva dar nu prea sim\u021bim nici protec\u021bia \u0219i nu avem nici politica extern\u0103 care s\u0103 ne fac\u0103 autonomi. Suntem \u00een cea mai rea situa\u021bie cu putin\u021b\u0103.<\/p>\n<p>Domnul ministru ar trebui s\u0103 dea toate explica\u021biile, nu doar cu privire la o \u00eent\u00e2lnire sau alta, ci ce ar trebui s\u0103 pentru Rom\u00e2nia ca Rom\u00e2nia s\u0103 aib\u0103 o pozi\u021bie extern\u0103.<\/p>\n<p>Av\u00e2nd \u00een vedere c\u0103 la Cotroceni avem un pre\u0219edinte interimar care ar trebui s\u0103 dea direc\u021bia de politic\u0103 extern\u0103 dar, \u00een mod evident p\u0103l\u0103ria e mult prea mare, iar \u00een Guvern avem un ministru de Externe amator &#8211; nu are preg\u0103tirea special\u0103 pentru aceast\u0103 pozi\u021bie chiar dac\u0103 a fost ambasador \u00een dou\u0103 state europene&#8221;, a declarat europarlamentarul AUR Claudiu T\u00e2rziu pentru Realitatea PLUS.\u00a0<\/p>","protected":false},"excerpt":{"rendered":"<p>Ministrul Emil Hurezeanu va fi chemat, mar\u021bi, la Palatul Victoria pentru a da explica\u021bii dup\u0103&hellip;<\/p>\n","protected":false},"author":0,"featured_media":32573,"comment_status":"open","ping_status":"open","sticky":false,"template":"","format":"standard","meta":{"footnotes":""},"categories":[3],"tags":[],"class_list":["post-32572","post","type-post","status-publish","format-standard","has-post-thumbnail","hentry","category-politica"],"_links":{"self":[{"href":"https:\/\/247stiri.ro\/index.php\/wp-json\/wp\/v2\/posts\/32572","targetHints":{"allow":["GET"]}}],"collection":[{"href":"https:\/\/247stiri.ro\/index.php\/wp-json\/wp\/v2\/posts"}],"about":[{"href":"https:\/\/247stiri.ro\/index.php\/wp-json\/wp\/v2\/types\/post"}],"replies":[{"embeddable":true,"href":"https:\/\/247stiri.ro\/index.php\/wp-json\/wp\/v2\/comments?post=32572"}],"version-history":[{"count":0,"href":"https:\/\/247stiri.ro\/index.php\/wp-json\/wp\/v2\/posts\/32572\/revisions"}],"wp:featuredmedia":[{"embeddable":true,"href":"https:\/\/247stiri.ro\/index.php\/wp-json\/wp\/v2\/media\/32573"}],"wp:attachment":[{"href":"https:\/\/247stiri.ro\/index.php\/wp-json\/wp\/v2\/media?parent=32572"}],"wp:term":[{"taxonomy":"category","embeddable":true,"href":"https:\/\/247stiri.ro\/index.php\/wp-json\/wp\/v2\/categories?post=32572"},{"taxonomy":"post_tag","embeddable":true,"href":"https:\/\/247stiri.ro\/index.php\/wp-json\/wp\/v2\/tags?post=32572"}],"curies":[{"name":"wp","href":"https:\/\/api.w.org\/{rel}","templated":true}]}}