{"id":32574,"date":"2025-02-18T09:44:47","date_gmt":"2025-02-18T09:44:47","guid":{"rendered":"https:\/\/247stiri.ro\/index.php\/2025\/02\/18\/presedintele-interimar-ilie-bolojan-sustine-un-discurs-despre-situatia-politica-internationala\/"},"modified":"2025-02-18T09:44:47","modified_gmt":"2025-02-18T09:44:47","slug":"presedintele-interimar-ilie-bolojan-sustine-un-discurs-despre-situatia-politica-internationala","status":"publish","type":"post","link":"https:\/\/247stiri.ro\/index.php\/2025\/02\/18\/presedintele-interimar-ilie-bolojan-sustine-un-discurs-despre-situatia-politica-internationala\/","title":{"rendered":"Pre\u015fedintele interimar, Ilie Bolojan, sus\u021bine un discurs despre situa\u021bia politic\u0103 interna\u021bional\u0103"},"content":{"rendered":"<p>\u00cent\u00e2lnirea anual\u0103 a pre\u015fedintelui cu \u015fefii misiunilor diplomatice acredita\u0163i \u00een \u0163ara noastr\u0103 este programat\u0103 pentru ora 12:00, la Palatul Cotroceni, iar pre\u015fedintele interimar Ilie Bolojan va sus\u021bine un discurs.<\/p>\n<p>Declara\u021biile lui Ilie Bolojan pot fi urm\u0103rite LIVE pe realitatea.net:<\/p>\n\n<p>Reuniunea este cu at\u00e2t mai important\u0103 av\u00e2nd \u00een vedere contextul politic interna\u0163ional.<\/p>\n<p>Luni, mai mul\u021bi lideri europeni au sosit la Paris la o reuniune de urgen\u0163\u0103 privind Ucraina \u015fi ap\u0103rarea european\u0103, \u00een timp ce pre\u015fedintele american Donald Trump caut\u0103 s\u0103 negocieze un acord de pace pentru Ucraina direct cu pre\u015fedintele rus Vladimir Putin, f\u0103r\u0103 implicarea europenilor.<\/p>","protected":false},"excerpt":{"rendered":"<p>\u00cent\u00e2lnirea anual\u0103 a pre\u015fedintelui cu \u015fefii misiunilor diplomatice acredita\u0163i \u00een \u0163ara noastr\u0103 este programat\u0103 pentru&hellip;<\/p>\n","protected":false},"author":0,"featured_media":32575,"comment_status":"open","ping_status":"open","sticky":false,"template":"","format":"standard","meta":{"footnotes":""},"categories":[3],"tags":[],"class_list":["post-32574","post","type-post","status-publish","format-standard","has-post-thumbnail","hentry","category-politica"],"_links":{"self":[{"href":"https:\/\/247stiri.ro\/index.php\/wp-json\/wp\/v2\/posts\/32574","targetHints":{"allow":["GET"]}}],"collection":[{"href":"https:\/\/247stiri.ro\/index.php\/wp-json\/wp\/v2\/posts"}],"about":[{"href":"https:\/\/247stiri.ro\/index.php\/wp-json\/wp\/v2\/types\/post"}],"replies":[{"embeddable":true,"href":"https:\/\/247stiri.ro\/index.php\/wp-json\/wp\/v2\/comments?post=32574"}],"version-history":[{"count":0,"href":"https:\/\/247stiri.ro\/index.php\/wp-json\/wp\/v2\/posts\/32574\/revisions"}],"wp:featuredmedia":[{"embeddable":true,"href":"https:\/\/247stiri.ro\/index.php\/wp-json\/wp\/v2\/media\/32575"}],"wp:attachment":[{"href":"https:\/\/247stiri.ro\/index.php\/wp-json\/wp\/v2\/media?parent=32574"}],"wp:term":[{"taxonomy":"category","embeddable":true,"href":"https:\/\/247stiri.ro\/index.php\/wp-json\/wp\/v2\/categories?post=32574"},{"taxonomy":"post_tag","embeddable":true,"href":"https:\/\/247stiri.ro\/index.php\/wp-json\/wp\/v2\/tags?post=32574"}],"curies":[{"name":"wp","href":"https:\/\/api.w.org\/{rel}","templated":true}]}}