{"id":32578,"date":"2025-02-18T09:44:49","date_gmt":"2025-02-18T09:44:49","guid":{"rendered":"https:\/\/247stiri.ro\/index.php\/2025\/02\/18\/au-inceput-negocierile-cruciale-intre-sua-si-rusia-pentru-incetarea-razboiului-din-ucraina-ce-va-impune-trump\/"},"modified":"2025-02-18T09:44:49","modified_gmt":"2025-02-18T09:44:49","slug":"au-inceput-negocierile-cruciale-intre-sua-si-rusia-pentru-incetarea-razboiului-din-ucraina-ce-va-impune-trump","status":"publish","type":"post","link":"https:\/\/247stiri.ro\/index.php\/2025\/02\/18\/au-inceput-negocierile-cruciale-intre-sua-si-rusia-pentru-incetarea-razboiului-din-ucraina-ce-va-impune-trump\/","title":{"rendered":"Au \u00eenceput negocierile CRUCIALE \u00eentre SUA \u0219i Rusia pentru \u00eencetarea r\u0103zboiului din Ucraina. Ce va impune Trump"},"content":{"rendered":"<p>Reac\u021bii de nemul\u021bumire de la liderii europeni, pentru c\u0103 nu iau parte la aceste discu\u021bii. Sunt discu\u021bii care se poart\u0103 strict \u00eentre oficialii din Rusia \u0219i SUA. \u00cent\u00e2lnirea are loc \u00een Arabia Saudit\u0103. Nici liderii europeni, nici cei ucraineni nu sunt prezen\u021bi la aceste discu\u021bii, de\u0219i sunt viza\u021bi direct de aceast\u0103 negociere.<\/p>\n<p>Mesajul lui Macron ne arat\u0103 c\u0103 este nevoie de o pace solid\u0103 \u0219i durabil\u0103 \u0219i c\u0103 pentru acest lucru este nevoie de garan\u021bii de securitate puternice \u0219i credibile pentru ucraineni, nu doar de o \u00een\u021belegere.<\/p>\n<p>La fel, \u0219i pre\u0219edintele ucrainean Zelenski nu va accept\u0103 o \u00een\u021belegere de pace, at\u00e2ta timp c\u00e2t nu va participa la negocieri.<\/p>\n<p>Discu\u021biile se poart\u0103 \u00eentre secretarul de stat american, Marco Rubio, \u0219i ministrul afacerilor externe din Rusia, Serghei Lavrov. Au \u00eenceput \u00een aceast\u0103 diminea\u021b\u0103, se \u00eencearc\u0103 s\u0103 se ajung\u0103 la un consens pentru \u00eencetarea r\u0103zboiului din Ucraina. Cel mai probabil se vor veni \u0219i cu concluzii de la cei care au participat la aceast\u0103 \u00eent\u00e2lnire.<\/p>","protected":false},"excerpt":{"rendered":"<p>Reac\u021bii de nemul\u021bumire de la liderii europeni, pentru c\u0103 nu iau parte la aceste discu\u021bii.&hellip;<\/p>\n","protected":false},"author":0,"featured_media":32571,"comment_status":"open","ping_status":"open","sticky":false,"template":"","format":"standard","meta":{"footnotes":""},"categories":[2],"tags":[],"class_list":["post-32578","post","type-post","status-publish","format-standard","has-post-thumbnail","hentry","category-actual"],"_links":{"self":[{"href":"https:\/\/247stiri.ro\/index.php\/wp-json\/wp\/v2\/posts\/32578","targetHints":{"allow":["GET"]}}],"collection":[{"href":"https:\/\/247stiri.ro\/index.php\/wp-json\/wp\/v2\/posts"}],"about":[{"href":"https:\/\/247stiri.ro\/index.php\/wp-json\/wp\/v2\/types\/post"}],"replies":[{"embeddable":true,"href":"https:\/\/247stiri.ro\/index.php\/wp-json\/wp\/v2\/comments?post=32578"}],"version-history":[{"count":0,"href":"https:\/\/247stiri.ro\/index.php\/wp-json\/wp\/v2\/posts\/32578\/revisions"}],"wp:featuredmedia":[{"embeddable":true,"href":"https:\/\/247stiri.ro\/index.php\/wp-json\/wp\/v2\/media\/32571"}],"wp:attachment":[{"href":"https:\/\/247stiri.ro\/index.php\/wp-json\/wp\/v2\/media?parent=32578"}],"wp:term":[{"taxonomy":"category","embeddable":true,"href":"https:\/\/247stiri.ro\/index.php\/wp-json\/wp\/v2\/categories?post=32578"},{"taxonomy":"post_tag","embeddable":true,"href":"https:\/\/247stiri.ro\/index.php\/wp-json\/wp\/v2\/tags?post=32578"}],"curies":[{"name":"wp","href":"https:\/\/api.w.org\/{rel}","templated":true}]}}