{"id":32584,"date":"2025-02-18T09:44:50","date_gmt":"2025-02-18T09:44:50","guid":{"rendered":"https:\/\/247stiri.ro\/index.php\/2025\/02\/18\/angajatii-cfr-pentru-a-doua-zi-in-strada-zeci-de-oameni-protesteaza-in-fata-ministerului-transporturilor\/"},"modified":"2025-02-18T09:44:50","modified_gmt":"2025-02-18T09:44:50","slug":"angajatii-cfr-pentru-a-doua-zi-in-strada-zeci-de-oameni-protesteaza-in-fata-ministerului-transporturilor","status":"publish","type":"post","link":"https:\/\/247stiri.ro\/index.php\/2025\/02\/18\/angajatii-cfr-pentru-a-doua-zi-in-strada-zeci-de-oameni-protesteaza-in-fata-ministerului-transporturilor\/","title":{"rendered":"Angaja\u021bii CFR, pentru a doua zi \u00een strad\u0103. Zeci de oameni protesteaz\u0103 \u00een fa\u021ba Ministerului Transporturilor"},"content":{"rendered":"<p>&#8222;Manifesta\u021biile se \u00eendreapt\u0103 \u00eempotriva lipsei de respect pe care o are conducerea SNTFC CFR C\u0103l\u0103tori SA fa\u021b\u0103 de salaria\u021bi, prin hot\u0103r\u00e2rea de neplat\u0103 a orelor suplimentare pe care nu le poate compensa legal, \u0219i \u00eempotriva lipsei de respect pe care o manifest\u0103 conducerea operatorului fa\u021b\u0103 de c\u0103l\u0103tori prin hot\u0103r\u00e2rea de anulare a un sfert dintre trenuri&#8221;, se arat\u0103 \u00eentr-un comunicat postat, mar\u021bi, pe pagina de Facebook a Confedera\u021biei Sindicale Na\u021bionale Meridian.<\/p>\n<p>Potrivit sursei citate, 150 de participan\u0163i vor fi \u00een fiecare, zi, \u00eentre orele 9.30 \u2013 11.30, \u00een Bucure\u0219ti, l\u00e2ng\u0103 parcul din fa\u021ba Ministerului Transporturilor.<\/p>\n<p>La proteste sunt a\u0219tepta\u021bi \u0219i reprezentan\u021bi ai CSN Meridian, de la Uniunea Sindicatelor Spitalelor CFR, dar \u0219i de la alte federa\u0163ii sindicale feroviare.\u00a0&#8222;Ceferi\u0219tii ies \u00een strad\u0103 pentru a face Guvernul Rom\u00e2niei, Ministerul Transporturilor si Infrastructurii, conducerea SNTFC CFR C\u0103l\u0103tori SA \u0219i conducerea CNCF CFR SA s\u0103 \u00een\u0163eleag\u0103 c\u0103 ceferi\u015ftii care au avut grupe de munc\u0103 anterior \u0219i sunt \u00eencadra\u021bi la Siguran\u021ba Circula\u021biei doresc aplicarea de la 1 septembrle 2024 a prevederilor art. 28. (1) lit 1) din Legea nr. 360\/2023, \u0163in\u00e2nd cont c\u0103 respectarea acestei legi este jalon \u00een PNRR&#8221;, se mai arat\u0103 \u00een comunicatul citat.\u00a0Potrivit sursei citate, alte nemul\u021bumiri sunt legate de lipsa mare de personal la func\u0163iile de execu\u0163ie, de subcompensarea \u015fi \u00een anul 2025 a SNTFC CFR C\u0103l\u0103tori de c\u0103tre Autoritatea pentru Reform\u0103 Feroviar\u0103 (ARF).\u00a0Manifesta\u0163iile se \u00eendreapt\u0103 \u0219i \u00eempotriva func\u0163ion\u0103rii \u00een forma actual\u0103 a SNTFC CFR C\u0103l\u0103tori SA \u015fi filiala sa SCRL Bra\u015fov SA.Feroviarii din FSTFR cer revenirea reparatorilor de locomotiv\u0103 \u015fi automotor de la SCRL ca angaja\u0163i ai CFR C\u0103l\u0103tori, pentru reviziile programate \u015fi pentru repara\u0163ille curente. SCRL Bra\u015fov SA ar urma s\u0103 r\u0103m\u00e2n\u0103 ca societate reparatoare pentru pentru reviziile mari (RR, RG etc.).\u00a0\u201dManifesta\u021biile se \u00eendreapt\u0103 \u015fi \u00eempotriva faptului c\u0103 s-a investit de c\u0103tre statul rom\u00e2n, dup\u0103 revolu\u0163ie \u015fi p\u00e2n\u0103 \u00een prezent, prea pu\u0163in \u00een infrastructura feroviar\u0103\u201d, au transmis sindicali\u0219tii.\u00a0Confedera\u021bia Sindical\u0103 Na\u021bional\u0103 Meridian sus\u021bine revendic\u0103rile Federa\u021biei Sindicatelor Feroviare din Rom\u00e2nia pe care le consider\u0103 absolut legitime \u00een contextul \u00een care Guvernul Rom\u00e2niei:\u00a0&#8211; a adoptat ordonan\u021ba \u201ctrenule\u021b\u201d care afecteaz\u0103 at\u00e2t drepturile salaria\u021bilor, c\u00e2t \u0219i func\u021bionarea CFR C\u0103l\u0103tori;\u00a0&#8211;\u00a0 a elaborat o lege a pensiilor care a destructurat drepturile ob\u021binute de ceferi\u0219ti prin Legea privind Statutul Personalului Feroviar;-  a investit foarte pu\u021bin \u00een infrastructura feroviar\u0103;-\u00a0 a distribuit incorect materialul rulant nou achizi\u021bionat de ARF-\u00a0 a subcompensat CFR C\u0103l\u0103tori pentru serviciile efectuate;-\u00a0 a propus un management care nu reu\u0219e\u0219te de ani buni s\u0103 demonstreze c\u0103 poate moderniza \u0219i dezvolt\u0103 CFR C\u0103l\u0103tori.<\/p>","protected":false},"excerpt":{"rendered":"<p>&#8222;Manifesta\u021biile se \u00eendreapt\u0103 \u00eempotriva lipsei de respect pe care o are conducerea SNTFC CFR C\u0103l\u0103tori&hellip;<\/p>\n","protected":false},"author":0,"featured_media":32585,"comment_status":"open","ping_status":"open","sticky":false,"template":"","format":"standard","meta":{"footnotes":""},"categories":[2],"tags":[],"class_list":["post-32584","post","type-post","status-publish","format-standard","has-post-thumbnail","hentry","category-actual"],"_links":{"self":[{"href":"https:\/\/247stiri.ro\/index.php\/wp-json\/wp\/v2\/posts\/32584","targetHints":{"allow":["GET"]}}],"collection":[{"href":"https:\/\/247stiri.ro\/index.php\/wp-json\/wp\/v2\/posts"}],"about":[{"href":"https:\/\/247stiri.ro\/index.php\/wp-json\/wp\/v2\/types\/post"}],"replies":[{"embeddable":true,"href":"https:\/\/247stiri.ro\/index.php\/wp-json\/wp\/v2\/comments?post=32584"}],"version-history":[{"count":0,"href":"https:\/\/247stiri.ro\/index.php\/wp-json\/wp\/v2\/posts\/32584\/revisions"}],"wp:featuredmedia":[{"embeddable":true,"href":"https:\/\/247stiri.ro\/index.php\/wp-json\/wp\/v2\/media\/32585"}],"wp:attachment":[{"href":"https:\/\/247stiri.ro\/index.php\/wp-json\/wp\/v2\/media?parent=32584"}],"wp:term":[{"taxonomy":"category","embeddable":true,"href":"https:\/\/247stiri.ro\/index.php\/wp-json\/wp\/v2\/categories?post=32584"},{"taxonomy":"post_tag","embeddable":true,"href":"https:\/\/247stiri.ro\/index.php\/wp-json\/wp\/v2\/tags?post=32584"}],"curies":[{"name":"wp","href":"https:\/\/api.w.org\/{rel}","templated":true}]}}