{"id":3260,"date":"2024-10-31T07:07:25","date_gmt":"2024-10-31T07:07:25","guid":{"rendered":"https:\/\/247stiri.ro\/index.php\/2024\/10\/31\/pistolarii-din-vaslui-retinuti-dupa-ce-au-fost-prinsi-in-timp-ce-voiau-sa-fuga-din-tara-ce-le-au-spus-politistilor-declaratii-uluitoare\/"},"modified":"2024-10-31T07:07:25","modified_gmt":"2024-10-31T07:07:25","slug":"pistolarii-din-vaslui-retinuti-dupa-ce-au-fost-prinsi-in-timp-ce-voiau-sa-fuga-din-tara-ce-le-au-spus-politistilor-declaratii-uluitoare","status":"publish","type":"post","link":"https:\/\/247stiri.ro\/index.php\/2024\/10\/31\/pistolarii-din-vaslui-retinuti-dupa-ce-au-fost-prinsi-in-timp-ce-voiau-sa-fuga-din-tara-ce-le-au-spus-politistilor-declaratii-uluitoare\/","title":{"rendered":"&#8222;Pistolarii&#8221; din Vaslui, RE\u021aINU\u021aI dup\u0103 ce au fost prin\u0219i \u00een timp ce voiau s\u0103 FUG\u0102 din \u021bar\u0103. Ce le-au spus poli\u021bi\u0219tilor: declara\u021bii uluitoare"},"content":{"rendered":"<p>Cei doi indivizi au fost adu\u0219i la audieri \u0219i au fost re\u021binu\u021bi pentru 24 de ore. B\u0103rba\u021bii sunt membrii clanului Sandu, o grupare de interlopi de temut din zon\u0103. \u0218ocant este faptul c\u0103 la audieri, b\u0103rba\u021bii le-au spus poli\u021bi\u0219tilor c\u0103 pistolul folosit era de juc\u0103rie \u0219i c\u0103 vor s\u0103 fie elibera\u021bi pentru a merge la un gr\u0103tar.<\/p>\n\n<p>Totul ar fi pornit de la un scandal iscat \u00een Londra s\u0103pt\u0103m\u00e2na trecut\u0103, c\u00e2nd o femeie ar fi fost victima unei agresiuni. Sora b\u0103rbatului asupra c\u0103ruia s-au tras acum focuri de arm\u0103 ar fi fost b\u0103tut\u0103 de membrii clanului rival, pentru o proprietate pe care o de\u0163ine. Agresorii femeii au fost re\u021binu\u021bi \u00een Anglia, iar rudele b\u0103t\u0103u\u015filor s-au dus la fratele victimei \u015fi l-au amenin\u0163at c\u0103-l \u00eempu\u015fc\u0103, dac\u0103 sora lui nu \u00ee\u015fi retrage pl\u00e2ngerea.<\/p>\n<p>Zeci de indivizi s-au b\u0103tut cu b\u00e2tele pe str\u0103zi \u015fi un t\u00e2n\u0103r a tras mai multe focuri de arme asupra rivalului s\u0103u, apoi a \u00eencercat s\u0103 fug\u0103 din \u0163ar\u0103.<\/p>\n<p>Cei doi indivizi vor fi adu\u0219i \u00een fa\u021ba judec\u0103torului cu propunere de arestare preventiv\u0103.\u00a0<\/p>","protected":false},"excerpt":{"rendered":"<p>Cei doi indivizi au fost adu\u0219i la audieri \u0219i au fost re\u021binu\u021bi pentru 24 de&hellip;<\/p>\n","protected":false},"author":0,"featured_media":3261,"comment_status":"open","ping_status":"open","sticky":false,"template":"","format":"standard","meta":{"footnotes":""},"categories":[2],"tags":[],"class_list":["post-3260","post","type-post","status-publish","format-standard","has-post-thumbnail","hentry","category-actual"],"_links":{"self":[{"href":"https:\/\/247stiri.ro\/index.php\/wp-json\/wp\/v2\/posts\/3260","targetHints":{"allow":["GET"]}}],"collection":[{"href":"https:\/\/247stiri.ro\/index.php\/wp-json\/wp\/v2\/posts"}],"about":[{"href":"https:\/\/247stiri.ro\/index.php\/wp-json\/wp\/v2\/types\/post"}],"replies":[{"embeddable":true,"href":"https:\/\/247stiri.ro\/index.php\/wp-json\/wp\/v2\/comments?post=3260"}],"version-history":[{"count":0,"href":"https:\/\/247stiri.ro\/index.php\/wp-json\/wp\/v2\/posts\/3260\/revisions"}],"wp:featuredmedia":[{"embeddable":true,"href":"https:\/\/247stiri.ro\/index.php\/wp-json\/wp\/v2\/media\/3261"}],"wp:attachment":[{"href":"https:\/\/247stiri.ro\/index.php\/wp-json\/wp\/v2\/media?parent=3260"}],"wp:term":[{"taxonomy":"category","embeddable":true,"href":"https:\/\/247stiri.ro\/index.php\/wp-json\/wp\/v2\/categories?post=3260"},{"taxonomy":"post_tag","embeddable":true,"href":"https:\/\/247stiri.ro\/index.php\/wp-json\/wp\/v2\/tags?post=3260"}],"curies":[{"name":"wp","href":"https:\/\/api.w.org\/{rel}","templated":true}]}}