{"id":32602,"date":"2025-02-18T10:44:53","date_gmt":"2025-02-18T10:44:53","guid":{"rendered":"https:\/\/247stiri.ro\/index.php\/2025\/02\/18\/mircea-fechet-continua-restructurarie-la-romsilva-ministrul-mediului-a-trimis-corpul-de-control\/"},"modified":"2025-02-18T10:44:53","modified_gmt":"2025-02-18T10:44:53","slug":"mircea-fechet-continua-restructurarie-la-romsilva-ministrul-mediului-a-trimis-corpul-de-control","status":"publish","type":"post","link":"https:\/\/247stiri.ro\/index.php\/2025\/02\/18\/mircea-fechet-continua-restructurarie-la-romsilva-ministrul-mediului-a-trimis-corpul-de-control\/","title":{"rendered":"Mircea Fechet continu\u0103 restructur\u0103rie la Romsilva. Ministrul Mediului a trimis Corpul de control"},"content":{"rendered":"<p>Fechet spune c\u0103 vrea s\u0103 \u015ftie exact ce lichidit\u0103\u0163i sunt acum \u00een vistieria Romsilva \u015fi cum au fost gestionate fondul de regenerare a p\u0103durilor \u015fi cel dedicat construirii de noi drumuri forestiere. Ministrul Mediului. potrivit ministrului, este \u201etot mai aproape\u201d momentul \u00een care Romsilva va avea un nou Consiliu de Administra\u0163ie.<\/p>\n<p>\u201eRomsilva are nevoie de un T zero. \u00cencepem prin a da pe fa\u0163\u0103 tot ce a fost pus, \u00een zeci de ani, \u00een c\u00e2rca Regiei Na\u0163ionale a P\u0103durilor. Am trimis Corpul de control la sediul central al Romsilva, ca s\u0103 avem o imagine \u015fi mai clar\u0103, negru pe alb, a modului \u00een care a fost administrat\u0103 Regia, cel pu\u0163in \u00een ultimii cinci ani.Transparen\u0163a e un principiu la care \u0163in foarte mult, a\u015fa c\u0103 vreau ca to\u0163i s\u0103 \u015ftim exact ce lichidit\u0103\u0163i sunt acum \u00een vistieria Romsilva \u015fi cum au fost gestionate fondul de regenerare a p\u0103durilor \u015fi cel dedicat construirii de noi drumuri forestiere. De asemenea, vom afla ce sume a pl\u0103tit Regia pentru repara\u0163ia \u015fi \u00eentre\u0163inerea drumurilor, at\u00e2t \u00een regim propriu, c\u00e2t \u015fi cu firme specializate, dar \u015fi ce cheltuieli juridice a f\u0103cut\u201d, afirm\u0103 ministrul Mediului.Mircea Fechet anun\u0163\u0103 c\u0103 \u201e\u00een maximum 10 zile\u201d, vor fi date \u201eprimele concluzii\u201d despre modul \u00een care au evoluat anumi\u0163i indicatori macroeconomici din 2020 \u015fi p\u00e2n\u0103 \u00een prezent \u015fi se va \u00een\u0163elege ce s-a \u00eent\u00e2mplat la nivelul direc\u0163iilor silvice din punctul de vedere al productivit\u0103\u0163ii \u015fi cheltuielilor de personal.\u201eApoi vom putea s\u0103 analiz\u0103m \u00een detaliu zonele &#8211; problem\u0103. \u015ei voi lua noi decizii. Sunt multe, foarte multe astfel de zone \u00een care mi-a\u0163i semnalat c\u0103 Romsilva a deraiat de la activitatea de baz\u0103, de administrare a p\u0103durii; primesc \u00een continuare, zilnic, zeci de mesaje din partea angaja\u0163ilor Romsilva, aproape jude\u0163 cu jude\u0163, care \u00eemi dau noi indicii despre cum a fost sec\u0103tuit\u0103 Regia, \u00een timp ce p\u0103durarii au fost l\u0103sa\u0163i s\u0103 se descurce a\u015fa cum poate fiecare: f\u0103r\u0103 haine, f\u0103r\u0103 combustibil, f\u0103r\u0103 mijloc de transport, \u00eens\u0103 cu acelea\u015fi sarcini de serviciu, ba chiar suplimentare. \u00cemi cere\u0163i un singur lucru: s\u0103 facem dreptate, cu toat\u0103 opozi\u0163ia celor care au crezut c\u0103 au \u00eennodat i\u0163ele \u00een beneficiul personal \u015fi pentru totdeauna. Nu dau \u00eenapoi, nu exist\u0103 cale de \u00eentors!\u201d, a declarat ministrul Mediului.Fechet a anun\u0163at c\u0103 este \u201etot mai aproape\u201d momentul \u00een care Romsilva va avea un nou Consiliu de Administra\u0163ie (CA) \u015fi c\u0103 a publicat pe site-ul Ministerului Mediului proiectul prin care intr\u0103 \u00een linie dreapt\u0103 selec\u0163ia membrilor din CA-ul Regiei, pentru perioada 2025 \u2013 2028.\u00a0\u201eNoua conducere a Romsilva va fi evaluat\u0103 \u00een func\u0163ie de 48 de indicatori de performan\u0163\u0103, financiari \u015fi nefinanciari, care, \u00een m\u0103sura \u00een care vor fi aplica\u0163i cu acurate\u0163e \u015fi responsabilitate, vor asigura nu doar redresarea Romsilva, ci \u015fi dezvoltarea Regiei la nivelul pe care \u00eel a\u015ftept\u0103m cu to\u0163ii \u015fi pe care \u00eel merit\u0103 p\u0103durile noastre. CA-ul Regiei va da socoteal\u0103 \u00een func\u0163ie de cum va reu\u015fi s\u0103 creasc\u0103 productivitatea muncii \u015fi marja net\u0103 a profitului, dar \u015fi \u00een func\u0163ie de modul \u00een care va sc\u0103dea consumul de energie electric\u0103 \u015fi gaz fa\u0163\u0103 de anul 2024, cu \u0163inte clare\u201d, a spus\u0163inut ministrul Fechet.Totodat\u0103, a mai afirmat oficialul, membrii Consiliului de Administra\u0163ie vor r\u0103spunde pentru deciziile pe care le vor lua pentru a \u00eembun\u0103t\u0103\u0163i activitatea Romsilva \u015fi a \u00eendeplini anumite obiective specifice.\u201eDin lista celor mai importante amintesc: supravegherea video \u015fi montarea barierelor de acces pe 50% din suprafa\u0163a fondului forestier, \u00eentabularea sau \u00eenscrierea provizorie \u00een sistemul integrat de cadastru \u015fi carte funciar\u0103 a 60% din suprafa\u0163a de fond forestier proprietate public\u0103 a statului, cre\u015fterea volumului de lemn de foc, pus la v\u00e2nzare anual, de la 1,9 milioane metri cubi la 2,5 milioane metri cubi, cre\u015fterea num\u0103rul de depozite permanente \u00een jude\u0163ele deficitare \u00een p\u0103duri, la nivel na\u0163ional, de la 35 la 46, construirea a 200 de kilometri noi drumuri forestiere \u00een termen de 4 ani, crearea unui magazin virtual pentru v\u00e2nzarea direct\u0103 a lemnului de foc, a produselor nelemnoase \u015fi serviciilor prestate, realizarea unei aplica\u0163ii mobile cu date generale de prezentare a parcurilor na\u0163ionale \/ naturale, men\u0163inerea patrimoniului genetic al cailor de ras\u0103 \u00een Herghelia Na\u0163ional\u0103, gestionarea optim\u0103 a produselor de ni\u015f\u0103, cu valoare deosebit\u0103 (trufe, fructe de p\u0103dure, ciuperci, plante medicinale), cre\u015fterea cu 40% a num\u0103rului de persoane implicate \u00een activit\u0103\u0163i educative, de promovare \u015fi activit\u0103\u0163i practice, fa\u0163\u0103 de nivelul din 2024.\u201e\u00cen cel mult trei luni, sper s\u0103 finaliz\u0103m toate procedurile de selec\u0163ie a noului CA, iar \u00eentre timp avans\u0103m cu planul ambi\u0163ios de reorganizare a Romsilva, de la structura central\u0103 p\u00e2n\u0103 jos, f\u0103r\u0103 s\u0103 afect\u0103m activitatea celor care se dedic\u0103 p\u0103durii \u015fi asigur\u00e2ndu-le tot ce acum le lipse\u015fte ca s\u0103-\u015fi fac\u0103 treaba\u201d, a mai afirmat Mircea Fechet.<\/p>\n<p>\u00a0<\/p>","protected":false},"excerpt":{"rendered":"<p>Fechet spune c\u0103 vrea s\u0103 \u015ftie exact ce lichidit\u0103\u0163i sunt acum \u00een vistieria Romsilva \u015fi&hellip;<\/p>\n","protected":false},"author":0,"featured_media":32603,"comment_status":"open","ping_status":"open","sticky":false,"template":"","format":"standard","meta":{"footnotes":""},"categories":[2],"tags":[],"class_list":["post-32602","post","type-post","status-publish","format-standard","has-post-thumbnail","hentry","category-actual"],"_links":{"self":[{"href":"https:\/\/247stiri.ro\/index.php\/wp-json\/wp\/v2\/posts\/32602","targetHints":{"allow":["GET"]}}],"collection":[{"href":"https:\/\/247stiri.ro\/index.php\/wp-json\/wp\/v2\/posts"}],"about":[{"href":"https:\/\/247stiri.ro\/index.php\/wp-json\/wp\/v2\/types\/post"}],"replies":[{"embeddable":true,"href":"https:\/\/247stiri.ro\/index.php\/wp-json\/wp\/v2\/comments?post=32602"}],"version-history":[{"count":0,"href":"https:\/\/247stiri.ro\/index.php\/wp-json\/wp\/v2\/posts\/32602\/revisions"}],"wp:featuredmedia":[{"embeddable":true,"href":"https:\/\/247stiri.ro\/index.php\/wp-json\/wp\/v2\/media\/32603"}],"wp:attachment":[{"href":"https:\/\/247stiri.ro\/index.php\/wp-json\/wp\/v2\/media?parent=32602"}],"wp:term":[{"taxonomy":"category","embeddable":true,"href":"https:\/\/247stiri.ro\/index.php\/wp-json\/wp\/v2\/categories?post=32602"},{"taxonomy":"post_tag","embeddable":true,"href":"https:\/\/247stiri.ro\/index.php\/wp-json\/wp\/v2\/tags?post=32602"}],"curies":[{"name":"wp","href":"https:\/\/api.w.org\/{rel}","templated":true}]}}