{"id":32610,"date":"2025-02-18T11:44:47","date_gmt":"2025-02-18T11:44:47","guid":{"rendered":"https:\/\/247stiri.ro\/index.php\/2025\/02\/18\/finul-politist-al-lui-ilie-bolojan-trimis-in-judecata-pentru-trafic-international-de-droguri\/"},"modified":"2025-02-18T11:44:47","modified_gmt":"2025-02-18T11:44:47","slug":"finul-politist-al-lui-ilie-bolojan-trimis-in-judecata-pentru-trafic-international-de-droguri","status":"publish","type":"post","link":"https:\/\/247stiri.ro\/index.php\/2025\/02\/18\/finul-politist-al-lui-ilie-bolojan-trimis-in-judecata-pentru-trafic-international-de-droguri\/","title":{"rendered":"Finul poli\u021bist al lui Ilie Bolojan, trimis \u00een judecat\u0103 pentru trafic interna\u021bional de droguri"},"content":{"rendered":"<p>\u00cen trecut, Dan Negur\u0103 a fost retrogradat dup\u0103 ce a fost surprins \u00een fotografii al\u0103turi de interlopul Adrian Corduneanu. \u00cen plus, \u00een 2022, a avut o nunt\u0103 fastuoas\u0103 cu 700 de invita\u021bi, la care na\u0219i au fost Ilie Bolojan \u0219i actorul Marin Barbu. \u00cen declara\u021bia de avere, Negur\u0103 a men\u021bionat un dar de nunt\u0103 \u00een valoare de 250.000 euro.<\/p>\n\n<p>Dosarul penal \u0219i acuza\u021biile<\/p>\n<p>\u00cen prezent, Negur\u0103 este inculpat \u00een dou\u0103 dosare penale \u00eenregistrate pe 13 martie 2024 la Tribunalul Suceava. Primul are ca obiect \u201etraficul interna\u021bional de droguri\u201d, iar al doilea vizeaz\u0103 m\u0103suri \u0219i excep\u021bii dispuse de judec\u0103torul de camer\u0103 preliminar\u0103, scrie <a href=\"https:\/\/www.puterea.ro\/scandal-de-proportii-finul-presedintelui-interimar-al-romaniei-acuzat-de-trafic-international-de-droguriri\/\" target=\"_blank\">puterea.ro<\/a>. Potrivit rechizitoriului D.I.I.C.O.T., acesta este acuzat de tentativ\u0103 la infrac\u021biunea de introducere \u00een \u021bar\u0103 de droguri de mare risc, cump\u0103rare de droguri de mare risc pentru consum propriu, acces ilegal la un sistem informatic \u00een form\u0103 continuat\u0103 \u0219i fals informatic.<\/p>\n<p>Acces ilegal la baze de date<\/p>\n<p>Procurorii sus\u021bin c\u0103 Negur\u0103 a \u00eencercat s\u0103 introduc\u0103 \u00een Rom\u00e2nia metamfetamin\u0103, amfetamin\u0103 \u0219i cofein\u0103, comandate de pe \u201edark net\u201d \u0219i disimulate \u00een colete po\u0219tale. Acestea au fost identificate \u0219i confiscate de autorit\u0103\u021bile str\u0103ine \u00eenainte de a ajunge la destina\u021bie.<\/p>\n<p>Pe 23 decembrie 2020, Dan Negur\u0103 a utilizat contul de acces \u201eNEGURAD\u201d pentru a accesa ilegal baza de date \u201eEviden\u021ba Persoanelor\u201d a M.A.I. \u2013 Direc\u021bia pentru Eviden\u021ba Persoanelor \u0219i Administrarea Bazelor de Date. A c\u0103utat datele unui poli\u021bist delegat \u00een cauza penal\u0103 care \u00eel viza, f\u0103r\u0103 a avea un motiv profesional justificat.<\/p>\n<p>Ap\u0103rarea lui Dan Negur\u0103 \u0219i decizia instan\u021bei<\/p>\n<p>Ap\u0103r\u0103torul lui Dan Negur\u0103 a formulat cereri \u0219i excep\u021bii referitoare la neregularit\u0103\u021bile rechizitoriului, \u00eens\u0103 judec\u0103torul de camer\u0103 preliminar\u0103 a constatat c\u0103 acuza\u021biile sunt clare \u0219i bine detaliate. Pe 8 noiembrie 2024, instan\u021ba a admis doar o parte dintre cererile inculpatului, iar pe 11 februarie 2025, Tribunalul Suceava a restituit cauza Parchetului D.I.I.C.O.T. \u2013 S.T. Suceava pentru clarific\u0103ri suplimentare.\u00a0<\/p>\n<p>Dosarul a fost \u00eenaintat Cur\u021bii de Apel Suceava, unde urmeaz\u0103 s\u0103 fie analizat \u00een continuare.<\/p>\n<p>\u00a0<\/p>\n<p>\u00a0<\/p>","protected":false},"excerpt":{"rendered":"<p>\u00cen trecut, Dan Negur\u0103 a fost retrogradat dup\u0103 ce a fost surprins \u00een fotografii al\u0103turi&hellip;<\/p>\n","protected":false},"author":0,"featured_media":32611,"comment_status":"open","ping_status":"open","sticky":false,"template":"","format":"standard","meta":{"footnotes":""},"categories":[3],"tags":[],"class_list":["post-32610","post","type-post","status-publish","format-standard","has-post-thumbnail","hentry","category-politica"],"_links":{"self":[{"href":"https:\/\/247stiri.ro\/index.php\/wp-json\/wp\/v2\/posts\/32610","targetHints":{"allow":["GET"]}}],"collection":[{"href":"https:\/\/247stiri.ro\/index.php\/wp-json\/wp\/v2\/posts"}],"about":[{"href":"https:\/\/247stiri.ro\/index.php\/wp-json\/wp\/v2\/types\/post"}],"replies":[{"embeddable":true,"href":"https:\/\/247stiri.ro\/index.php\/wp-json\/wp\/v2\/comments?post=32610"}],"version-history":[{"count":0,"href":"https:\/\/247stiri.ro\/index.php\/wp-json\/wp\/v2\/posts\/32610\/revisions"}],"wp:featuredmedia":[{"embeddable":true,"href":"https:\/\/247stiri.ro\/index.php\/wp-json\/wp\/v2\/media\/32611"}],"wp:attachment":[{"href":"https:\/\/247stiri.ro\/index.php\/wp-json\/wp\/v2\/media?parent=32610"}],"wp:term":[{"taxonomy":"category","embeddable":true,"href":"https:\/\/247stiri.ro\/index.php\/wp-json\/wp\/v2\/categories?post=32610"},{"taxonomy":"post_tag","embeddable":true,"href":"https:\/\/247stiri.ro\/index.php\/wp-json\/wp\/v2\/tags?post=32610"}],"curies":[{"name":"wp","href":"https:\/\/api.w.org\/{rel}","templated":true}]}}