{"id":32630,"date":"2025-02-18T12:45:01","date_gmt":"2025-02-18T12:45:01","guid":{"rendered":"https:\/\/247stiri.ro\/index.php\/2025\/02\/18\/daniel-david-isi-impune-tot-mai-mult-dictatura-la-ministerul-educatiei-pe-zi-ce-trece-o-eleva-de-liceu-oprita-sa-participe-la-dezbaterea-publica-a-noilor-planuri-cadru-pentru-liceu\/"},"modified":"2025-02-18T12:45:01","modified_gmt":"2025-02-18T12:45:01","slug":"daniel-david-isi-impune-tot-mai-mult-dictatura-la-ministerul-educatiei-pe-zi-ce-trece-o-eleva-de-liceu-oprita-sa-participe-la-dezbaterea-publica-a-noilor-planuri-cadru-pentru-liceu","status":"publish","type":"post","link":"https:\/\/247stiri.ro\/index.php\/2025\/02\/18\/daniel-david-isi-impune-tot-mai-mult-dictatura-la-ministerul-educatiei-pe-zi-ce-trece-o-eleva-de-liceu-oprita-sa-participe-la-dezbaterea-publica-a-noilor-planuri-cadru-pentru-liceu\/","title":{"rendered":"Daniel David \u00ee\u0219i impune tot mai mult dictatura la Ministerul Educa\u021biei pe zi ce trece. O elev\u0103 de liceu, oprit\u0103 s\u0103 participe la dezbaterea PUBLIC\u0102 a noilor planuri-cadru pentru liceu"},"content":{"rendered":"<p>Daniel David \u00ee\u0219i arat\u0103 din ce \u00een ce mai mult indiferen\u021ba fa\u021b\u0103 de disciplinele umaniste, precum limba latin\u0103, istoria \u0219i geografia. Din ac\u021biunile recente ale ministrului Educa\u021biei, se poate observa tot mai clar c\u0103 fostul rector al Universit\u0103\u021bii Babe\u0219-Bolyai din Cluj nu dore\u0219te cunoa\u0219terea trecutului \u0219i a istoriei de c\u0103tre elevii din Rom\u00e2nia.<\/p>\n<p>Prima dezbatere public\u0103 na\u021bional\u0103 despre proiectele noilor planuri-cadru de liceu a avut loc la Politehnica Bucure\u0219ti, pe 11 februarie.<\/p>\n<p>Ajuns\u0103 la dezbatere, eleva a depl\u00e2ns atitudinea organizatorilor: \u201e\u00cen momentul \u00een care am \u00eencercat s\u0103 particip, accesul mi-a fost refuzat f\u0103r\u0103 explica\u021bii clare. Am fost nevoit\u0103 s\u0103 a\u0219tept pe holuri, \u00een speran\u021ba c\u0103 voi primi o \u0219ans\u0103 de a intra, \u00eens\u0103 am fost \u00een mod constant respins\u0103\u201d, a declarat ea, \u00een scrisoarea amintit\u0103.<\/p>\n<p>Ea sper\u0103 ca Ministerul Educa\u021biei s\u0103 ofere clarific\u0103ri privind aceast\u0103 situa\u021bie \u0219i s\u0103 g\u0103seasc\u0103 solu\u021bii pentru a asigura implicarea celor interesa\u021bi \u00een dezbaterile viitoare:<\/p>\n<p>\u201eAceast\u0103 situa\u021bie mi-a l\u0103sat un sentiment profund de dezam\u0103gire, deoarece consider c\u0103 dialogul deschis \u0219i accesul la astfel de evenimente sunt esen\u021biale pentru transparen\u021b\u0103 \u0219i pentru participarea activ\u0103 a celor interesa\u021bi. Mi-a\u0219 dori s\u0103 \u00een\u021beleg motivele acestei excluderi \u0219i s\u0103 aflu dac\u0103 exist\u0103 posibilitatea unei clarific\u0103ri sau a unei solu\u021bii pentru viitor\u201d, men\u021bioneaz\u0103 ea.<\/p>\n<p>\u00cen discursul preg\u0103tit, eleva aminte\u0219te despre importan\u021ba men\u021binerii limbii latine \u00een programa \u0219colar\u0103 obligatorie, ca element fundamental al culturii europene \u0219i al dezvolt\u0103rii intelectuale a elevilor.<\/p>\n<p>Mesajul elevei, pe care \u00eel preg\u0103tise pentru dezbatere:<\/p>\n<p>\u201eM\u0103 aflu aici, \u00een calitate de elev, pentru a sus\u021bine un aspect esen\u021bial al educa\u021biei noastre, men\u021binerea limbii latine \u00een programa \u0219colar\u0103.<\/p>\n<p>Latina nu este doar o relicv\u0103 a trecutului, ci un pion fundamental al culturii europene \u0219i al form\u0103rii noastre intelectuale.\u00a0De-a lungul istoriei, sistemul educa\u021bional rom\u00e2nesc a recunoscut valoarea limbii latine, cu excep\u021bia unor momente impuse de influen\u021be externe.<\/p>\n<p>Studiul limbii latine dezvolt\u0103 abilit\u0103\u021bi analitice \u0219i logice, \u00eembun\u0103t\u0103\u021be\u0219te \u00een\u021belegerea gramaticii \u0219i vocabularului limbilor romanice \u0219i faciliteaz\u00e3 \u00eenv\u0103\u021barea altor limbi str\u0103ine.\u00a0<\/p>\n<p>\u00cen contextul actual, observ\u0103m o tendin\u021b\u0103 \u00eengrijor\u0103toare de reducere a orelor dedicate limbii latine \u00een programa \u0219colar\u0103. Aceast\u0103 diminuare nu doar c\u0103 ne \u00eendep\u0103rteaz\u0103 de r\u0103d\u0103cinile noastre culturale, dar priveaz\u0103 \u0219i elevii de oportunitatea de a-\u0219i dezvolta g\u00e2ndirea critic\u0103 \u0219i de a participa la competi\u021bii interna\u021bionale prestigioase, precum\u00a0Certamen Ovidianum Ponticum\u00a0sau Olimpiada de Limbi Clasice.<\/p>\n<p>Este esen\u021bial s\u0103 recunoa\u0219tem c\u0103 elevii care aleg profilul filologic au o \u00eenclina\u021bie clar\u0103 c\u0103tre disciplinele umaniste. Prin urmare, este necesar s\u0103 ajust\u0103m programa \u0219colar\u0103 \u00een concordan\u021b\u0103 cu aceste interese, acord\u00e2nd prioritate limbii latine \u0219i altor discipline specifice, si reduc\u00e2nd ponderea materiilor din profilul real.<\/p>\n<p>\u00cen concluzie, v\u0103 \u00eendemn s\u0103 sus\u021binem \u00eempreun\u0103 men\u021binerea \u0219i consolidarea studiului limbii latine \u00een \u0219colile noastre, asigur\u00e2nd astfel o educa\u021bie complet\u0103 \u0219i profund\u0103 pentru genera\u021biile viitoare\u201d, este mesajul transmis de c\u0103tre elev\u0103, pe care sus\u021bine c\u0103 nu l-a putut face auzit \u00een dezbatere.\u201d<\/p>","protected":false},"excerpt":{"rendered":"<p>Daniel David \u00ee\u0219i arat\u0103 din ce \u00een ce mai mult indiferen\u021ba fa\u021b\u0103 de disciplinele umaniste,&hellip;<\/p>\n","protected":false},"author":0,"featured_media":32631,"comment_status":"open","ping_status":"open","sticky":false,"template":"","format":"standard","meta":{"footnotes":""},"categories":[2],"tags":[],"class_list":["post-32630","post","type-post","status-publish","format-standard","has-post-thumbnail","hentry","category-actual"],"_links":{"self":[{"href":"https:\/\/247stiri.ro\/index.php\/wp-json\/wp\/v2\/posts\/32630","targetHints":{"allow":["GET"]}}],"collection":[{"href":"https:\/\/247stiri.ro\/index.php\/wp-json\/wp\/v2\/posts"}],"about":[{"href":"https:\/\/247stiri.ro\/index.php\/wp-json\/wp\/v2\/types\/post"}],"replies":[{"embeddable":true,"href":"https:\/\/247stiri.ro\/index.php\/wp-json\/wp\/v2\/comments?post=32630"}],"version-history":[{"count":0,"href":"https:\/\/247stiri.ro\/index.php\/wp-json\/wp\/v2\/posts\/32630\/revisions"}],"wp:featuredmedia":[{"embeddable":true,"href":"https:\/\/247stiri.ro\/index.php\/wp-json\/wp\/v2\/media\/32631"}],"wp:attachment":[{"href":"https:\/\/247stiri.ro\/index.php\/wp-json\/wp\/v2\/media?parent=32630"}],"wp:term":[{"taxonomy":"category","embeddable":true,"href":"https:\/\/247stiri.ro\/index.php\/wp-json\/wp\/v2\/categories?post=32630"},{"taxonomy":"post_tag","embeddable":true,"href":"https:\/\/247stiri.ro\/index.php\/wp-json\/wp\/v2\/tags?post=32630"}],"curies":[{"name":"wp","href":"https:\/\/api.w.org\/{rel}","templated":true}]}}