{"id":32651,"date":"2025-02-18T13:44:59","date_gmt":"2025-02-18T13:44:59","guid":{"rendered":"https:\/\/247stiri.ro\/index.php\/2025\/02\/18\/vaticanul-reactioneaza-in-cazul-alegerilor-din-romania-s-au-produs-situatii-inedite-nu-putem-nega\/"},"modified":"2025-02-18T13:44:59","modified_gmt":"2025-02-18T13:44:59","slug":"vaticanul-reactioneaza-in-cazul-alegerilor-din-romania-s-au-produs-situatii-inedite-nu-putem-nega","status":"publish","type":"post","link":"https:\/\/247stiri.ro\/index.php\/2025\/02\/18\/vaticanul-reactioneaza-in-cazul-alegerilor-din-romania-s-au-produs-situatii-inedite-nu-putem-nega\/","title":{"rendered":"Vaticanul reac\u021bioneaz\u0103 \u00een cazul alegerilor din Rom\u00e2nia: &#8222;S-au produs situa\u021bii inedite, nu putem nega&#8221;"},"content":{"rendered":"<p>&#8216;\u00cen ultimul an, Rom\u00e2nia \u0219i-a continuat calea de dezvoltare care i-a caracterizat istoria recent\u0103 prin modernizarea progresiv\u0103 a \u021b\u0103rii \u0219i integrarea acesteia \u00een contextul european a c\u0103rei admitere deplin\u0103 \u00een spa\u021biul Schengen a fost cu siguran\u021b\u0103 un pas deosebit de semnificativ \u0219i pozitiv. Aceast\u0103 evolu\u021bie s\u0103 continue cu politici axate pe stabilitate \u0219i pe cre\u0219terea bun\u0103 a st\u0103rii na\u021biunii. Anul pe care l-am \u00eencheiat a fost marcat \u0219i de alegeri la nivel administrativ, european, parlamentar \u0219i preziden\u021bial. Alegerile sunt, cu siguran\u021b\u0103, un moment fundamental \u00een orice sistem democratic. Nu putem nega c\u0103 \u00een istoria \u021b\u0103rii s-au produs situa\u021bii inedite care necesit\u0103 un angajament deosebit pentru transparen\u021b\u0103 \u0219i responsabilitate pentru binele tuturor cet\u0103\u021benilor rom\u00e2ni&#8217;, a spus ambasadorul, la Palatul Cotroceni, la \u00eent\u00e2lnirea pre\u0219edintelui interimar Ilie Bolojan cu \u0219efii misiunilor diplomatice acredita\u021bi \u00een Rom\u00e2nia.<\/p>\n<p>Monseniorul Giampiero Gloder i-a urat pre\u0219edintelui interimar ca anul 2025 s\u0103 &#8216;conduc\u0103 la o abordare plin\u0103 de clarviziune a provoc\u0103rilor care apar cu consolidarea \u0219i stabilizarea institu\u021biilor democratice ale \u021b\u0103rii \u0219i cu o dezvoltare ulterioar\u0103 a politicilor economico-sociale care vizeaz\u0103 cre\u0219terea binelui tuturor cet\u0103\u021benilor na\u021biunii&#8217;.<\/p>\n<p>&#8216;\u021a\u0103rile \u0219i institu\u021biile pe care le reprezent\u0103m, domnule pre\u0219edinte, v\u0103 asigur\u0103 de disponibilitatea lor de a continua dialogul \u0219i colaborarea \u0219i \u00een timp ce v\u0103 mul\u021bumim pentru aceast\u0103 \u00eent\u00e2lnire aici, la Cotroceni, v\u0103 rug\u0103m s\u0103 transmite\u021bi \u00eentregului drag popor al Rom\u00e2niei ur\u0103rile noastre de armonie, prosperitate \u0219i pace pentru viitorul na\u021biunii, a spus ambasadorul Sf\u00e2ntului Scaun \u00een Rom\u00e2nia.<\/p>\n<p>El a mul\u021bumit pentru sprijinul autorit\u0103\u021bilor statului rom\u00e2n pentru colaborarea cu \u021b\u0103rile \u0219i institu\u021biile pe care le reprezint\u0103 \u0219efii misiunilor diplomatice acredita\u021bi \u00een Rom\u00e2nia.<\/p>\n<p>Ambasadorul Sf\u00e2ntului Scaun \u00een \u021bara noastr\u0103 a amintit de situa\u021bia din timpul pandemiei de COVID-19 \u0219i dup\u0103 aceasta.<\/p>\n<p>&#8216;Aceast\u0103 experien\u021b\u0103 a eviden\u021biat pe scena interna\u021bional\u0103 lumini \u0219i umbre \u00een rela\u021biile dintre na\u021biuni. Lumini de colaborare \u0219i solidaritate care au ap\u0103rut pentru a face fa\u021b\u0103 unui fenomen f\u0103r\u0103 precedent \u0219i umbre pentru c\u0103 au ap\u0103rut \u0219i ne\u00eencredere, individualism, egoism&#8217;, a spus monseniorul Giampiero Gloder.\u00a0<\/p>\n<p>\u00a0<\/p>","protected":false},"excerpt":{"rendered":"<p>&#8216;\u00cen ultimul an, Rom\u00e2nia \u0219i-a continuat calea de dezvoltare care i-a caracterizat istoria recent\u0103 prin&hellip;<\/p>\n","protected":false},"author":0,"featured_media":32648,"comment_status":"open","ping_status":"open","sticky":false,"template":"","format":"standard","meta":{"footnotes":""},"categories":[3],"tags":[],"class_list":["post-32651","post","type-post","status-publish","format-standard","has-post-thumbnail","hentry","category-politica"],"_links":{"self":[{"href":"https:\/\/247stiri.ro\/index.php\/wp-json\/wp\/v2\/posts\/32651","targetHints":{"allow":["GET"]}}],"collection":[{"href":"https:\/\/247stiri.ro\/index.php\/wp-json\/wp\/v2\/posts"}],"about":[{"href":"https:\/\/247stiri.ro\/index.php\/wp-json\/wp\/v2\/types\/post"}],"replies":[{"embeddable":true,"href":"https:\/\/247stiri.ro\/index.php\/wp-json\/wp\/v2\/comments?post=32651"}],"version-history":[{"count":0,"href":"https:\/\/247stiri.ro\/index.php\/wp-json\/wp\/v2\/posts\/32651\/revisions"}],"wp:featuredmedia":[{"embeddable":true,"href":"https:\/\/247stiri.ro\/index.php\/wp-json\/wp\/v2\/media\/32648"}],"wp:attachment":[{"href":"https:\/\/247stiri.ro\/index.php\/wp-json\/wp\/v2\/media?parent=32651"}],"wp:term":[{"taxonomy":"category","embeddable":true,"href":"https:\/\/247stiri.ro\/index.php\/wp-json\/wp\/v2\/categories?post=32651"},{"taxonomy":"post_tag","embeddable":true,"href":"https:\/\/247stiri.ro\/index.php\/wp-json\/wp\/v2\/tags?post=32651"}],"curies":[{"name":"wp","href":"https:\/\/api.w.org\/{rel}","templated":true}]}}