{"id":32654,"date":"2025-02-18T13:45:01","date_gmt":"2025-02-18T13:45:01","guid":{"rendered":"https:\/\/247stiri.ro\/index.php\/2025\/02\/18\/planul-rosu-de-interventie-activat-pe-aeroportul-din-cluj-un-avion-cu-peste-200-de-pasageri-la-bord-a-ateriat-de-urgenta-care-este-motivul\/"},"modified":"2025-02-18T13:45:01","modified_gmt":"2025-02-18T13:45:01","slug":"planul-rosu-de-interventie-activat-pe-aeroportul-din-cluj-un-avion-cu-peste-200-de-pasageri-la-bord-a-ateriat-de-urgenta-care-este-motivul","status":"publish","type":"post","link":"https:\/\/247stiri.ro\/index.php\/2025\/02\/18\/planul-rosu-de-interventie-activat-pe-aeroportul-din-cluj-un-avion-cu-peste-200-de-pasageri-la-bord-a-ateriat-de-urgenta-care-este-motivul\/","title":{"rendered":"Planul Ro\u0219u de Interven\u021bie, activat pe Aeroportul din Cluj! Un avion cu peste 200 de pasageri la bord a ateriat de urgen\u0163\u0103: care este motivul"},"content":{"rendered":"<p>\u201eInspectoratul pentru Situa\u021bii de Urgen\u021b\u0103 \u00abAvram Iancu\u00bb al jude\u021bului Cluj a fost notificat \u00een urm\u0103 cu pu\u021bine momente, de c\u0103tre reprezentan\u021bii Aeroportului Interna\u021bional \u00abAvram Iancu\u00bb Cluj despre faptul c\u0103 un avion ar putea \u00eent\u00e2mpina dificult\u0103\u021bi la aterizare, din cauza unei defec\u021biuni la fuzelaj.<\/p>\n\n<p>Astfel, a fost activat planul ro\u0219u de interven\u021bie, la fa\u021ba locului deplas\u00e2ndu-se patru autospeciale cu ap\u0103 \u0219i spum\u0103, dou\u0103 ambulan\u021be SAJ \u0219i o ambulan\u021b\u0103 SMURD. Aeronava a aterizat \u00een urm\u0103 cu pu\u021bine momente \u0219i nu sunt raportate probleme\u201d, a transmis ISU Cluj.\u00a0<\/p>\n<p>Aeronava, care se deplasa pe ruta Bra\u015fov &#8211; Londra Luton, a aterizat \u00een siguran\u0163\u0103, astfel c\u0103 planul de criz\u0103 a fost dezctivat.<\/p>\n<p>&#8222;A transmis un mesaj pan-pan \u015fi a luat decizia s\u0103 aterizeze pe Aeroportul din Cluj. Noi am pus \u00een aplicare planul de criz\u0103 \u015fi am anun\u0163at \u015fi ISU Cluj. Aterizarea a fost realizat\u0103 \u00een siguran\u0163\u0103, asistat\u0103 de pompierii aeroportului \u015fi ISU. Avionul avea la bord 221 de pasageri \u015fi peste 10 tone de combustibil&#8221;, a declarat David Ciceo, directorul Aeroportului din Cluj-Napoca pentru \u201e\u015etiri de Cluj\u201d.<\/p>\n<p>Niciun pasager nu a avut nevoie de \u00eengrijiri medicale, pasagerii fiind debarca\u0163i \u00een siguran\u0163\u0103 din aeronav\u0103.<\/p>","protected":false},"excerpt":{"rendered":"<p>\u201eInspectoratul pentru Situa\u021bii de Urgen\u021b\u0103 \u00abAvram Iancu\u00bb al jude\u021bului Cluj a fost notificat \u00een urm\u0103&hellip;<\/p>\n","protected":false},"author":0,"featured_media":32655,"comment_status":"open","ping_status":"open","sticky":false,"template":"","format":"standard","meta":{"footnotes":""},"categories":[2],"tags":[],"class_list":["post-32654","post","type-post","status-publish","format-standard","has-post-thumbnail","hentry","category-actual"],"_links":{"self":[{"href":"https:\/\/247stiri.ro\/index.php\/wp-json\/wp\/v2\/posts\/32654","targetHints":{"allow":["GET"]}}],"collection":[{"href":"https:\/\/247stiri.ro\/index.php\/wp-json\/wp\/v2\/posts"}],"about":[{"href":"https:\/\/247stiri.ro\/index.php\/wp-json\/wp\/v2\/types\/post"}],"replies":[{"embeddable":true,"href":"https:\/\/247stiri.ro\/index.php\/wp-json\/wp\/v2\/comments?post=32654"}],"version-history":[{"count":0,"href":"https:\/\/247stiri.ro\/index.php\/wp-json\/wp\/v2\/posts\/32654\/revisions"}],"wp:featuredmedia":[{"embeddable":true,"href":"https:\/\/247stiri.ro\/index.php\/wp-json\/wp\/v2\/media\/32655"}],"wp:attachment":[{"href":"https:\/\/247stiri.ro\/index.php\/wp-json\/wp\/v2\/media?parent=32654"}],"wp:term":[{"taxonomy":"category","embeddable":true,"href":"https:\/\/247stiri.ro\/index.php\/wp-json\/wp\/v2\/categories?post=32654"},{"taxonomy":"post_tag","embeddable":true,"href":"https:\/\/247stiri.ro\/index.php\/wp-json\/wp\/v2\/tags?post=32654"}],"curies":[{"name":"wp","href":"https:\/\/api.w.org\/{rel}","templated":true}]}}