{"id":32668,"date":"2025-02-18T14:46:01","date_gmt":"2025-02-18T14:46:01","guid":{"rendered":"https:\/\/247stiri.ro\/index.php\/2025\/02\/18\/tragedie-in-judetul-galati-un-barbat-si-a-pierdut-viata-in-timp-ce-isi-ajuta-vecinul-sa-isi-demoleze-casa\/"},"modified":"2025-02-18T14:46:01","modified_gmt":"2025-02-18T14:46:01","slug":"tragedie-in-judetul-galati-un-barbat-si-a-pierdut-viata-in-timp-ce-isi-ajuta-vecinul-sa-isi-demoleze-casa","status":"publish","type":"post","link":"https:\/\/247stiri.ro\/index.php\/2025\/02\/18\/tragedie-in-judetul-galati-un-barbat-si-a-pierdut-viata-in-timp-ce-isi-ajuta-vecinul-sa-isi-demoleze-casa\/","title":{"rendered":"Tragedie \u00een jude\u021bul Gala\u021bi. Un b\u0103rbat \u0219i-a pierdut via\u021ba \u00een timp ce \u00ee\u0219i ajuta vecinul s\u0103 \u00ee\u0219i demoleze casa"},"content":{"rendered":"<p>Incidentul a avut loc mar\u021bi, \u00een localitatea T\u0103lpig, din jude\u021bul <a href=\"https:\/\/www.realitatea.net\/stiri\/actual\/descoperire-socanta-in-galati-barbat-de-49-de-ani-gasit-mort-in-casa-pe-care-o-construia_67b362196976c02f6c669de2\" target=\"_blank\">Gala\u021bi, <\/a>la scurt timp dup\u0103 ce victima \u0219i vecinul acesteia au \u00eenceput s\u0103 demoleze un zid.<\/p>\n<p>Nici bine nu au \u00eenceput demolarea c\u0103 peretele s-a pr\u0103bu\u0219it peste b\u0103rbatul de 69 de ani, provoc\u00e2nd decesul acestuia.\u00a0<\/p>\n<p>&#8222;Poli\u021bi\u0219tii din cadrul Postului de Poli\u021bie Ghidigeni s-au deplasat la fa\u021ba locului \u0219i au constatat c\u0103 cele sesizate se confirm\u0103, \u00een sensul c\u0103 un b\u0103rbat, de 69 de ani, din aceea\u0219i localitate, venit pentru a-\u0219i ajuta vecinii la demolarea unui imobil, a fost lovit de unul dintre pere\u021bii acestuia, provoc\u00e2ndu-i leziuni incompatibile cu via\u021ba.<\/p>\n<p>Echipajul medical sosit la fa\u021ba locului a constatat decesul b\u0103rbatului. Cadavrul a fost transportat la Serviciul de Medicin\u0103 Legal\u0103, \u00een vederea efectu\u0103rii necropsiei, pentru stabilirea cu exactitate a cauzei decesului\u201d, au transmis reprezentan\u021bii IPJ Gala\u021bi.\u00a0<\/p>\n<p>Cazul a ajuns \u00een aten\u021bia\u00a0Inspectoratului Teritorial de Munc\u0103 Gala\u021bi care va efectua verific\u0103ri \u0219i va lua m\u0103suri conform prevederilor legale.<\/p>\n<p>De asemenea, poli\u021bi\u0219tii g\u0103l\u0103\u021beni au deschis un dosar penal sub aspectul s\u0103v\u00e2r\u0219irii infrac\u021biunii de ucidere din culp\u0103 \u0219i continu\u0103 cercet\u0103rile pentru a afla cu exactitate cauzele \u0219i \u00eemprejur\u0103rile \u00een care s-a produs tragedia\u00a0<\/p>","protected":false},"excerpt":{"rendered":"<p>Incidentul a avut loc mar\u021bi, \u00een localitatea T\u0103lpig, din jude\u021bul Gala\u021bi, la scurt timp dup\u0103&hellip;<\/p>\n","protected":false},"author":0,"featured_media":32669,"comment_status":"open","ping_status":"open","sticky":false,"template":"","format":"standard","meta":{"footnotes":""},"categories":[2],"tags":[],"class_list":["post-32668","post","type-post","status-publish","format-standard","has-post-thumbnail","hentry","category-actual"],"_links":{"self":[{"href":"https:\/\/247stiri.ro\/index.php\/wp-json\/wp\/v2\/posts\/32668","targetHints":{"allow":["GET"]}}],"collection":[{"href":"https:\/\/247stiri.ro\/index.php\/wp-json\/wp\/v2\/posts"}],"about":[{"href":"https:\/\/247stiri.ro\/index.php\/wp-json\/wp\/v2\/types\/post"}],"replies":[{"embeddable":true,"href":"https:\/\/247stiri.ro\/index.php\/wp-json\/wp\/v2\/comments?post=32668"}],"version-history":[{"count":0,"href":"https:\/\/247stiri.ro\/index.php\/wp-json\/wp\/v2\/posts\/32668\/revisions"}],"wp:featuredmedia":[{"embeddable":true,"href":"https:\/\/247stiri.ro\/index.php\/wp-json\/wp\/v2\/media\/32669"}],"wp:attachment":[{"href":"https:\/\/247stiri.ro\/index.php\/wp-json\/wp\/v2\/media?parent=32668"}],"wp:term":[{"taxonomy":"category","embeddable":true,"href":"https:\/\/247stiri.ro\/index.php\/wp-json\/wp\/v2\/categories?post=32668"},{"taxonomy":"post_tag","embeddable":true,"href":"https:\/\/247stiri.ro\/index.php\/wp-json\/wp\/v2\/tags?post=32668"}],"curies":[{"name":"wp","href":"https:\/\/api.w.org\/{rel}","templated":true}]}}