{"id":32675,"date":"2025-02-18T14:46:03","date_gmt":"2025-02-18T14:46:03","guid":{"rendered":"https:\/\/247stiri.ro\/index.php\/2025\/02\/18\/nicusor-dan-despre-avaria-de-la-cet-vest-e-a-opta-din-acest-sezon\/"},"modified":"2025-02-18T14:46:03","modified_gmt":"2025-02-18T14:46:03","slug":"nicusor-dan-despre-avaria-de-la-cet-vest-e-a-opta-din-acest-sezon","status":"publish","type":"post","link":"https:\/\/247stiri.ro\/index.php\/2025\/02\/18\/nicusor-dan-despre-avaria-de-la-cet-vest-e-a-opta-din-acest-sezon\/","title":{"rendered":"Nicu\u015for Dan, despre avaria de la CET Vest: \u201eE a opta din acest sezon\u201d"},"content":{"rendered":"<p>Primarul general al Capitalei, Nicu\u015for Dan, a afirmat, mar\u0163i, \u00een leg\u0103tur\u0103 cu avaria de la CET Vest apar\u0163in\u00e2nd ELCEN c\u0103 este a opta din acest sezon rece, iar acest lucru \u00eenseamn\u0103 c\u0103 alimentarea cu agent termic este imprevizibil\u0103 \u015fi cei care au de suferit sunt bucure\u015ftenii. Potrivit edilului, investi\u0163iile \u00een termoficare vor p\u0103rea inutile dac\u0103 ELCEN, aflat \u00een subordinea Ministerului Energiei, nu va face investi\u0163ii \u00een modernizarea CET-urilor pentru a reduce num\u0103rul avariilor. \u201eDegeaba schimb\u0103m conductele, dac\u0103 nu exist\u0103 agent termic care s\u0103 treac\u0103 prin ele\u201d, a afirmat primarul Capitalei.\u201eApreciez faptul c\u0103 ELCEN a remediat avaria de la CET Vest care a l\u0103sat \u00een frig sute de locuitori din Sectorul 6. Totu\u015fi, este a 8-a avarie din acest sezon rece, iar asta \u00eenseamn\u0103 c\u0103 alimentarea cu agent termic este imprevizibil\u0103, iar cei care au de suferit sunt bucure\u015ftenii. Investi\u0163iile Prim\u0103riei Capitalei \u00een modernizarea conductelor de termoficare vor p\u0103rea inutile dac\u0103 ELCEN, aflat \u00een subordinea Ministerului Energiei, nu va face investi\u0163ii \u00een modernizarea CET-uri pentru a reduce num\u0103rul avariilor\u201d, afirm\u0103 primarul general al Capitalei, Nicu\u015for Dan.Edilul subliniaz\u0103 c\u0103 Prim\u0103ria Municipiului Bucure\u015fti, prin Termoenergetica, se ocup\u0103 \u201estrict de transportul \u015fi furnizarea agentului termic c\u0103tre popula\u0163ie\u201d, prin intermediul celor 1.000 de kilometri de conducte magistrale \u015fi 3.000 de kilometri de conducte secundare.\u201eAgentul termic este produs exclusiv de ELCEN, condus de Ministerul Energiei. Prin urmare, degeaba schimb\u0103m conductele, dac\u0103 nu exist\u0103 agent termic care s\u0103 treac\u0103 prin ele\u201d, explic\u0103 Nicu\u015for Dan.Primarul general avanseaz\u0103 \u015fi o solu\u0163ie, f\u0103c\u00e2nd referire la \u201eo fuziune \u00eentre ELCEN \u015fi Termoenergetica, pentru ca Prim\u0103ria s\u0103 gestioneze un serviciu integrat de termoficare, care s\u0103 includ\u0103 produc\u0163ia \u015fi transportul agentului termic, \u201ea\u015fa cum se \u00eent\u00e2mpl\u0103 \u00een toate ora\u015fele\u201d\u201ePentru asta, avem nevoie de resurse financiare. At\u00e2t timp c\u00e2t Guvernul va aloca fonduri pentru chestiuni minore, precum bordurile \u015fi panselu\u0163ele din sectoare, \u015fi va ignora solicitarea Prim\u0103riei Capitalei de a aloca un buget propor\u0163ional cu responsabilit\u0103\u0163ile pe care le are, nu ne putem asuma responsabilitatea fuziunii. \u00cen lipsa unor moderniz\u0103ri at\u00e2t \u00een procesul de produc\u0163ie, c\u00e2t \u015fi \u00een cel de transport, furnizarea apei calde \u015fi a c\u0103ldurii nu va func\u0163iona corespunz\u0103tor\u201d, \u00eencheie primarul general al Capitalei.<\/p>\n<p>ELCEN a informat, mar\u0163i, c\u0103 CET Bucure\u015fti Vest a revenit la schema normal\u0103 de func\u0163ionare, dup\u0103 ce echipele companiei au reu\u015fit s\u0103 remedieze avaria produs\u0103 cu o zi \u00een urm\u0103, limit\u00e2nd astfel impactul asupra producerii agentului termic. \u00cen aceast\u0103 s\u0103pt\u0103m\u00e2n\u0103, zece jude\u0163e \u015fi Capitala sunt sunt avertizare cod galben de ger \u015fi ninsori viscolite, joi \u015fi vineri, temperaturile minime \u00eenregistrate urm\u00e2nd s\u0103 coboare p\u00e2n\u0103 la minus 13 grade \u00een Bucure\u015fti.<\/p>\n<p>\u00a0<\/p>","protected":false},"excerpt":{"rendered":"<p>Primarul general al Capitalei, Nicu\u015for Dan, a afirmat, mar\u0163i, \u00een leg\u0103tur\u0103 cu avaria de la&hellip;<\/p>\n","protected":false},"author":0,"featured_media":32667,"comment_status":"open","ping_status":"open","sticky":false,"template":"","format":"standard","meta":{"footnotes":""},"categories":[2],"tags":[],"class_list":["post-32675","post","type-post","status-publish","format-standard","has-post-thumbnail","hentry","category-actual"],"_links":{"self":[{"href":"https:\/\/247stiri.ro\/index.php\/wp-json\/wp\/v2\/posts\/32675","targetHints":{"allow":["GET"]}}],"collection":[{"href":"https:\/\/247stiri.ro\/index.php\/wp-json\/wp\/v2\/posts"}],"about":[{"href":"https:\/\/247stiri.ro\/index.php\/wp-json\/wp\/v2\/types\/post"}],"replies":[{"embeddable":true,"href":"https:\/\/247stiri.ro\/index.php\/wp-json\/wp\/v2\/comments?post=32675"}],"version-history":[{"count":0,"href":"https:\/\/247stiri.ro\/index.php\/wp-json\/wp\/v2\/posts\/32675\/revisions"}],"wp:featuredmedia":[{"embeddable":true,"href":"https:\/\/247stiri.ro\/index.php\/wp-json\/wp\/v2\/media\/32667"}],"wp:attachment":[{"href":"https:\/\/247stiri.ro\/index.php\/wp-json\/wp\/v2\/media?parent=32675"}],"wp:term":[{"taxonomy":"category","embeddable":true,"href":"https:\/\/247stiri.ro\/index.php\/wp-json\/wp\/v2\/categories?post=32675"},{"taxonomy":"post_tag","embeddable":true,"href":"https:\/\/247stiri.ro\/index.php\/wp-json\/wp\/v2\/tags?post=32675"}],"curies":[{"name":"wp","href":"https:\/\/api.w.org\/{rel}","templated":true}]}}