{"id":32678,"date":"2025-02-18T14:46:04","date_gmt":"2025-02-18T14:46:04","guid":{"rendered":"https:\/\/247stiri.ro\/index.php\/2025\/02\/18\/dosarul-soferului-drogat-vlad-pascu-cand-vor-solutiona-magistratii-cererea-acestuia\/"},"modified":"2025-02-18T14:46:04","modified_gmt":"2025-02-18T14:46:04","slug":"dosarul-soferului-drogat-vlad-pascu-cand-vor-solutiona-magistratii-cererea-acestuia","status":"publish","type":"post","link":"https:\/\/247stiri.ro\/index.php\/2025\/02\/18\/dosarul-soferului-drogat-vlad-pascu-cand-vor-solutiona-magistratii-cererea-acestuia\/","title":{"rendered":"Dosarul \u0219oferului drogat Vlad Pascu. C\u00e2nd vor solu\u021biona magistra\u021bii cererea acestuia"},"content":{"rendered":"<p>Potrivit unor\u00a0<a href=\"https:\/\/ziarulamprenta.ro\/stirile-zilei\/exclusiv-surse-dosarul-lui-vlad-pascu-a-ajuns-azi-la-curtea-de-apel-constanta-iata-cand-a-fost-stabilit-primul-termen-in-apel\/382553\/\">surse din pres\u0103<\/a>, primul termen al apelului a fost programat pentru 9 aprilie 2025. Decizia Cur\u021bii de Apel Constan\u021ba va fi definitiv\u0103!<\/p>\n<p>Vlad Pascu a fost condamnat ini\u021bial de Judec\u0103toria Mangalia la 10 ani de \u00eenchisoare. Pascu a contestat decizia, la fel ca \u0219i familiile victimelor, nemul\u021bumite de sentin\u021b\u0103. \u00cen acela\u0219i timp, \u0219i procurorii au atacat hot\u0103r\u00e2rea, consider\u00e2nd c\u0103 pedeapsa este prea bl\u00e2nd\u0103, \u00een special pentru infrac\u021biunea de p\u0103r\u0103sire a locului accidentului. Acuzarea cere o pedeaps\u0103 mai apropiat\u0103 de maximul prev\u0103zut de lege, av\u00e2nd \u00een vedere gravitatea faptelor \u0219i criteriile deja aplicate la individualizarea celorlalte pedepse. Pentru acest cap\u0103t de acuzare, pedeapsa aplicat\u0103 a fost mai apropiat\u0103 de minimul prev\u0103zut de lege.<\/p>\n<p>De asemenea, instan\u021ba din Mangalia a stabilit daune de 1.740.000 de euro pentru familiile victimelor.<\/p>\n<p>Vlad Pascu a fost condamnat, \u00een 31 ianuarie, de Judec\u0103toria Mangalia la 10 ani de \u00eenchisoare, pentru ucidere din culp\u0103, v\u0103t\u0103mare corporal\u0103 din culp\u0103, conducerea unui vehicul sub influen\u0163a alcoolului, p\u0103r\u0103sirea locului accidentului.<\/p>\n<p>Judec\u0103toria Mangalia a hot\u0103r\u00e2t s\u0103 \u00eei interzic\u0103 lui\u00a0Vlad Pascu dreptul s\u0103 fie ales sau s\u0103 ocupe o func\u0163ie care implic\u0103 exerci\u0163iul autorit\u0103\u0163ii de stat, dreptul de a conduce orice categorie de autovehicul, pe o perioad\u0103 de cinci ani de la executarea sau considerarea ca executat\u0103 a pedepsei \u00eenchisorii.\u00a0<\/p>\n<p>Instan\u0163a a mai stabilit ca din pedeapsa de zece ani de \u00eenchisoare s\u0103 i se scad\u0103 durata re\u0163inerii \u015fi a arest\u0103rii preventiv\u0103, de la 19 august 2023 \u015fi p\u00e2n\u0103 \u00een prezent.<\/p>\n<p>\u00a0<\/p>\n<p>Judec\u0103toria Mangalia a admis \u00een parte cererile p\u0103r\u0163ilor civile de acordare a daunelor morale. Astfel, instan\u0163a a obligta Biroul Asiguratorilor de Autovehicule din Rom\u00e2nia s\u0103 achite c\u0103tre familiile victimelor \u015fi c\u0103tre persoanele r\u0103nite peste 1,7 milioane de euro.<\/p>\n<p>Cum s-a petrecut tragedia de la 2 Mai<\/p>\n<p>\u00cen 19 august 2023, Vlad Pascu a condus un autoturism pe DN 39, iar \u00een jurul orei 5.25, \u00een apropiere de 2 Mai, a intrat \u00eentr-un grup de pietoni. \u00cen urma impactului, doi tineri \u015fi-au pierdut via\u0163a \u015fi al\u0163i trei au fost r\u0103ni\u0163i.<\/p>\n<p>Vlad Pascu a fugit de la locul accidentului \u015fi a fost g\u0103sit apoi de poli\u0163i\u015fti \u00een Vama Veche. Anchetatorii au stabilit c\u0103 el se afla sub influen\u0163a mai multor substan\u0163e interzise, printre care cocain\u0103, amfetamin\u0103 \u015fi metamfetamin\u0103.<\/p>\n<p>Vlad Pascu a fost trimis \u00een judecat\u0103, \u00een luna octombrie 2023, pentru ucidere din culp\u0103, v\u0103t\u0103mare corporal\u0103 din culp\u0103, p\u0103r\u0103sirea locului accidentului \u015fi conducerea unui vehicul sub influen\u0163a substan\u0163elor psihoactive.<\/p>","protected":false},"excerpt":{"rendered":"<p>Potrivit unor\u00a0surse din pres\u0103, primul termen al apelului a fost programat pentru 9 aprilie 2025.&hellip;<\/p>\n","protected":false},"author":0,"featured_media":32679,"comment_status":"open","ping_status":"open","sticky":false,"template":"","format":"standard","meta":{"footnotes":""},"categories":[2],"tags":[],"class_list":["post-32678","post","type-post","status-publish","format-standard","has-post-thumbnail","hentry","category-actual"],"_links":{"self":[{"href":"https:\/\/247stiri.ro\/index.php\/wp-json\/wp\/v2\/posts\/32678","targetHints":{"allow":["GET"]}}],"collection":[{"href":"https:\/\/247stiri.ro\/index.php\/wp-json\/wp\/v2\/posts"}],"about":[{"href":"https:\/\/247stiri.ro\/index.php\/wp-json\/wp\/v2\/types\/post"}],"replies":[{"embeddable":true,"href":"https:\/\/247stiri.ro\/index.php\/wp-json\/wp\/v2\/comments?post=32678"}],"version-history":[{"count":0,"href":"https:\/\/247stiri.ro\/index.php\/wp-json\/wp\/v2\/posts\/32678\/revisions"}],"wp:featuredmedia":[{"embeddable":true,"href":"https:\/\/247stiri.ro\/index.php\/wp-json\/wp\/v2\/media\/32679"}],"wp:attachment":[{"href":"https:\/\/247stiri.ro\/index.php\/wp-json\/wp\/v2\/media?parent=32678"}],"wp:term":[{"taxonomy":"category","embeddable":true,"href":"https:\/\/247stiri.ro\/index.php\/wp-json\/wp\/v2\/categories?post=32678"},{"taxonomy":"post_tag","embeddable":true,"href":"https:\/\/247stiri.ro\/index.php\/wp-json\/wp\/v2\/tags?post=32678"}],"curies":[{"name":"wp","href":"https:\/\/api.w.org\/{rel}","templated":true}]}}