{"id":32690,"date":"2025-02-18T15:45:17","date_gmt":"2025-02-18T15:45:17","guid":{"rendered":"https:\/\/247stiri.ro\/index.php\/2025\/02\/18\/anca-alexandrescu-dezvaluiri-despre-sorosistul-de-la-cotroceni-ciolacu-poate-convoca-csat-peste-capul-lui-bolojan\/"},"modified":"2025-02-18T15:45:17","modified_gmt":"2025-02-18T15:45:17","slug":"anca-alexandrescu-dezvaluiri-despre-sorosistul-de-la-cotroceni-ciolacu-poate-convoca-csat-peste-capul-lui-bolojan","status":"publish","type":"post","link":"https:\/\/247stiri.ro\/index.php\/2025\/02\/18\/anca-alexandrescu-dezvaluiri-despre-sorosistul-de-la-cotroceni-ciolacu-poate-convoca-csat-peste-capul-lui-bolojan\/","title":{"rendered":"Anca Alexandrescu, dezv\u0103luiri despre soro\u0219istul de la Cotroceni: \u201dCiolacu poate convoca CSAT peste capul lui Bolojan\u201d"},"content":{"rendered":"<p>\u201dIlie Bolojan a confirmat ast\u0103zi, de fapt, lovitaura de stat! S-a ascuns sub fustele ambasadorilor altor \u021b\u0103ri la Bucure\u0219ti, la Palatul Cotroceni, \u0219i a preluat discursul lui Klaus Iohannis, probabil l-a g\u0103sit ascuns \u00eentr-un sertar \u0219i a preluat fix acela\u0219i discurs.\u00a0<\/p>\n<p>Mesajul de ast\u0103zi a lui Marcel Ciolacu este foarte interesant, mai ales \u00een contextul \u00een care, iat\u0103: Premierul \u00eei cere lui Bolojan s\u0103 convoace de urgen\u021b\u0103 CSAT, pentru c\u0103 trebuie l\u0103murit\u0103 aceast\u0103 chestiune. Sunt din ce \u00een ce mai mul\u021bi oameni importan\u021bi din \u00eentreaga lume care pun \u00eentreb\u0103ri despre modalitatea cum s-au anulat alegerile, cu motiva\u021bia, cu probele. E, ceea ce nu s-a spus p\u00e2n\u0103 la aceast\u0103 or\u0103 este c\u0103 premierul Marcel Ciolacu poate s\u0103 convoace CSAT peste capul pre\u0219edintelui cu o treime din reprezentan\u021bii Guvernului, lucru pe care, dac\u0103 v\u0103 aduce\u021bi aminte, l-a f\u0103cut \u0219i Viorica D\u0103ncil\u0103, la un moment dat, c\u00e2nd Iohannis nu voia s\u0103 aprobe bugetul sau nu mai \u0219tiu exact ce moment a fost atunci, dar premierul poate s\u0103 fac\u0103 acest lucru.\u00a0<\/p>\n<p>\u00cens\u0103, \u00een momentul \u00een care va face acest lucru este foarte clar c\u0103 nu mai avem, nu mai exist\u0103 coali\u021bia de guvernare, \u0219i Crin Antonescu nu mai poate fi candidat comun. \u0218i asa, din punctul meu de vedere, coali\u021bia nu func\u021bioneaz\u0103, pentru c\u0103 este foarte clar c\u0103 PNL-ul lucreaz\u0103 \u00eempotriva PSD-ului \u0219i invers\u201d, a declarat Anca Alexandrescu, la Realitatea PLUS.\u00a0<\/p>\n<p>Realizatoarea TV este de p\u0103rere c\u0103 aceast\u0103 coali\u021bie \u201deste doar o chestiune de conjunctur\u0103 chiar dac\u0103 ei ast\u0103zi se reunesc s\u0103 discute despre provoc\u0103rile economice, despre candidatura lui Crin Antonescu, lucrurile sunt doar de ochii lumii. \u00cen realitate, lucrurile se vor schimba, pentru c\u0103 nu exist\u0103 alt\u0103 variant\u0103\u201d.\u00a0<\/p>\n<p>C\u00e2t despre Ilie Bolojan, Anca Alexandrescu a afirmat c\u0103 prin faptul c\u0103 s-a instalat, la propriu, la Cotroceni dovede\u0219te c\u0103 nu a reu\u0219it s\u0103 \u00ee\u0219i dep\u0103\u0219easc\u0103 condi\u021bia.<\/p>\n<p>\u201dIlie Bolojan se dezminte, nu vreau s\u0103 jignesc pe absolut nimeni, dar faptul c\u0103 s-a \u00eensc\u0103unat la Cotroceni, de\u0219i nu este ales de popor, doarme acolo, \u00ee\u0219i petrece tot timpul acolo, arat\u0103 c\u0103, de fapt, el nu a reu\u0219it s\u0103 \u00ee\u0219i dep\u0103\u0219easc\u0103 condi\u021bia. Doarme la locul de munc\u0103 \u0219i m\u0103n\u00e2nc\u0103 la fel a \u0219i atunci c\u00e2nd era \u0219ofer de tir\u201d, a conchis realizatoarea emisiunii Culisele Statului Paralel.<\/p>","protected":false},"excerpt":{"rendered":"<p>\u201dIlie Bolojan a confirmat ast\u0103zi, de fapt, lovitaura de stat! S-a ascuns sub fustele ambasadorilor&hellip;<\/p>\n","protected":false},"author":0,"featured_media":32683,"comment_status":"open","ping_status":"open","sticky":false,"template":"","format":"standard","meta":{"footnotes":""},"categories":[2],"tags":[],"class_list":["post-32690","post","type-post","status-publish","format-standard","has-post-thumbnail","hentry","category-actual"],"_links":{"self":[{"href":"https:\/\/247stiri.ro\/index.php\/wp-json\/wp\/v2\/posts\/32690","targetHints":{"allow":["GET"]}}],"collection":[{"href":"https:\/\/247stiri.ro\/index.php\/wp-json\/wp\/v2\/posts"}],"about":[{"href":"https:\/\/247stiri.ro\/index.php\/wp-json\/wp\/v2\/types\/post"}],"replies":[{"embeddable":true,"href":"https:\/\/247stiri.ro\/index.php\/wp-json\/wp\/v2\/comments?post=32690"}],"version-history":[{"count":0,"href":"https:\/\/247stiri.ro\/index.php\/wp-json\/wp\/v2\/posts\/32690\/revisions"}],"wp:featuredmedia":[{"embeddable":true,"href":"https:\/\/247stiri.ro\/index.php\/wp-json\/wp\/v2\/media\/32683"}],"wp:attachment":[{"href":"https:\/\/247stiri.ro\/index.php\/wp-json\/wp\/v2\/media?parent=32690"}],"wp:term":[{"taxonomy":"category","embeddable":true,"href":"https:\/\/247stiri.ro\/index.php\/wp-json\/wp\/v2\/categories?post=32690"},{"taxonomy":"post_tag","embeddable":true,"href":"https:\/\/247stiri.ro\/index.php\/wp-json\/wp\/v2\/tags?post=32690"}],"curies":[{"name":"wp","href":"https:\/\/api.w.org\/{rel}","templated":true}]}}