{"id":32695,"date":"2025-02-18T15:45:18","date_gmt":"2025-02-18T15:45:18","guid":{"rendered":"https:\/\/247stiri.ro\/index.php\/2025\/02\/18\/doliu-pe-scena-muzicala-un-celebru-tenor-roman-a-murit-subit-pe-aeroportul-otopeni-urma-sa-ajunga-la-muntele-athos\/"},"modified":"2025-02-18T15:45:18","modified_gmt":"2025-02-18T15:45:18","slug":"doliu-pe-scena-muzicala-un-celebru-tenor-roman-a-murit-subit-pe-aeroportul-otopeni-urma-sa-ajunga-la-muntele-athos","status":"publish","type":"post","link":"https:\/\/247stiri.ro\/index.php\/2025\/02\/18\/doliu-pe-scena-muzicala-un-celebru-tenor-roman-a-murit-subit-pe-aeroportul-otopeni-urma-sa-ajunga-la-muntele-athos\/","title":{"rendered":"Doliu pe scena muzical\u0103: un celebru tenor rom\u00e2n a murit subit pe Aeroportul Otopeni. Urma s\u0103 ajung\u0103 la Muntele Athos"},"content":{"rendered":"<p>Cum s-a \u00eent\u00e2mplat tragedia<\/p>\n<p><a href=\"https:\/\/www.realitatea.net\/stiri\/actual\/doliu-in-fotbalul-romanesc-a-murit-un-fost-conducator-al-clubului-uta-si-inspector-la-finantele-din-arad_67b38d47a3568f56790d5092\" target=\"_blank\">Tragedia s-a petrecut<\/a> pe Aeroportul Otopeni, unde tenorul se preg\u0103tea s\u0103 plece spre Muntele Athos. Anun\u021bul \u0219ocant a fost f\u0103cut de colegii s\u0103i de la Filarmonica din Oradea printr-un mesaj emo\u021bionant pe re\u021belele sociale.<\/p>\n<p>\u201eCu profund\u0103 triste\u021be anun\u021b\u0103m dispari\u021bia prematur\u0103 a colegului nostru, tenorul Felician Mure\u0219an, n\u0103scut pe 10.02.1982. Felician a fost un artist de o sensibilitate aparte, un om modest \u0219i discret, dar a c\u0103rui voce cald\u0103 \u0219i autentic\u0103 a adus emo\u021bie \u0219i profunzime fiec\u0103rei interpret\u0103ri. \u00cen anii petrecu\u021bi al\u0103turi de noi \u00een Corul Filarmonicii de Stat Oradea, a l\u0103sat o amprent\u0103 de neuitat. Talentul s\u0103u autentic s-a remarcat nu prin spectaculozitate, ci prin rafinament \u0219i naturale\u021be. Ne va lipsi profund prezen\u021ba lui, iar amintirea sa va r\u0103m\u00e2ne ve\u0219nic vie \u00een sufletele noastre. Transmitem cele mai sincere condolean\u021be familiei \u0219i tuturor celor care l-au cunoscut. Odihne\u0219te-te \u00een pace, Felician\u201c, se arat\u0103 \u00een mesajul Filarmonicii Oradea.<\/p>\n<p><a href=\"https:\/\/www.realitatea.net\/stiri\/actual\/doliu-in-lumea-aristocratiei-proprietara-castelui-banffy-de-la-bontida-a-decedat_67b2fff5e3c96208396e0cd2\" target=\"_blank\">Moartea sa subit\u0103<\/a> ridic\u0103 numeroase \u00eentreb\u0103ri, \u00eens\u0103 autorit\u0103\u021bile urmeaz\u0103 s\u0103 stabileasc\u0103 circumstan\u021bele exacte ale decesului. \u00centre timp, colegii, prietenii \u0219i admiratorii \u00eei aduc un ultim omagiu artistului care a \u00eenc\u00e2ntat publicul prin vocea sa unic\u0103 \u0219i sensibilitatea interpretativ\u0103.<\/p>\n\n<p>\u00a0 \u00a0 \u00a0Felician Mure\u0219an a murit la 43 de ani \/ Sursa foto &#8211; Facebook<\/p>","protected":false},"excerpt":{"rendered":"<p>Cum s-a \u00eent\u00e2mplat tragedia Tragedia s-a petrecut pe Aeroportul Otopeni, unde tenorul se preg\u0103tea s\u0103&hellip;<\/p>\n","protected":false},"author":0,"featured_media":32696,"comment_status":"open","ping_status":"open","sticky":false,"template":"","format":"standard","meta":{"footnotes":""},"categories":[2],"tags":[],"class_list":["post-32695","post","type-post","status-publish","format-standard","has-post-thumbnail","hentry","category-actual"],"_links":{"self":[{"href":"https:\/\/247stiri.ro\/index.php\/wp-json\/wp\/v2\/posts\/32695","targetHints":{"allow":["GET"]}}],"collection":[{"href":"https:\/\/247stiri.ro\/index.php\/wp-json\/wp\/v2\/posts"}],"about":[{"href":"https:\/\/247stiri.ro\/index.php\/wp-json\/wp\/v2\/types\/post"}],"replies":[{"embeddable":true,"href":"https:\/\/247stiri.ro\/index.php\/wp-json\/wp\/v2\/comments?post=32695"}],"version-history":[{"count":0,"href":"https:\/\/247stiri.ro\/index.php\/wp-json\/wp\/v2\/posts\/32695\/revisions"}],"wp:featuredmedia":[{"embeddable":true,"href":"https:\/\/247stiri.ro\/index.php\/wp-json\/wp\/v2\/media\/32696"}],"wp:attachment":[{"href":"https:\/\/247stiri.ro\/index.php\/wp-json\/wp\/v2\/media?parent=32695"}],"wp:term":[{"taxonomy":"category","embeddable":true,"href":"https:\/\/247stiri.ro\/index.php\/wp-json\/wp\/v2\/categories?post=32695"},{"taxonomy":"post_tag","embeddable":true,"href":"https:\/\/247stiri.ro\/index.php\/wp-json\/wp\/v2\/tags?post=32695"}],"curies":[{"name":"wp","href":"https:\/\/api.w.org\/{rel}","templated":true}]}}