{"id":32711,"date":"2025-02-18T16:46:33","date_gmt":"2025-02-18T16:46:33","guid":{"rendered":"https:\/\/247stiri.ro\/index.php\/2025\/02\/18\/starea-de-sanatate-a-papei-francisc-sub-semnul-intrebarii-decizia-de-ultima-ora-pe-care-a-luat-o-vaticanul\/"},"modified":"2025-02-18T16:46:33","modified_gmt":"2025-02-18T16:46:33","slug":"starea-de-sanatate-a-papei-francisc-sub-semnul-intrebarii-decizia-de-ultima-ora-pe-care-a-luat-o-vaticanul","status":"publish","type":"post","link":"https:\/\/247stiri.ro\/index.php\/2025\/02\/18\/starea-de-sanatate-a-papei-francisc-sub-semnul-intrebarii-decizia-de-ultima-ora-pe-care-a-luat-o-vaticanul\/","title":{"rendered":"Starea de s\u0103n\u0103tate a Papei Francisc, sub semnul \u00eentreb\u0103rii. Decizia de ultim\u0103 or\u0103 pe care a luat-o Vaticanul"},"content":{"rendered":"<p>\u00cen v\u00e2rst\u0103 de 88 de ani, Papa Francisc sufer\u0103 de o \u201einfec\u0163ie polimicrobian\u0103 a c\u0103ilor respiratorii\u201d \u015fi prezint\u0103 un \u201etablou clinic complex\u201d, fapt ce a st\u00e2rnit \u00eengrijor\u0103ri mari la Vatican, potrivit AFP.\u00a0<\/p>\n<p>\u201dDin cauza st\u0103rii s\u0103n\u0103t\u0103\u0163ii Sf\u00e2ntului P\u0103rinte, Audien\u0163a Jubiliar\u0103 de s\u00e2mb\u0103t\u0103, 22 fenruarie, este anulat\u0103\u201d, iar Francisc nu va fi \u00een m\u0103sur\u0103 s\u0103 prezideze slujba de duminic\u0103, anun\u0163\u0103 \u00eentr-un comunicat Sf\u00e2ntul Scaun.<\/p>\n<p>Luni, reprezentan\u021bii Vaticanului au transmis c\u0103 Papa sufer\u0103 de o \u201dinfec\u0163ie polimcrobian\u0103 a c\u0103ilor respiratorii\u201d \u015fi prezint\u0103 un \u201dtablou clinic complex\u201d, suger\u00e2nd c\u0103 spitalizarea Suveranului Pontif ar urma s\u0103 fie prelungit\u0103 cel pu\u0163in p\u00e2n\u0103 miercuri, ziua audien\u0163ei generale, care a fost anulat\u0103.<\/p>\n<p>Mai mult, ace\u0219tia au transmis c\u0103 starea de s\u0103n\u0103tate a liderului de la Vatican este una stabil\u0103 \u0219i c\u0103 nu mai are febr\u0103.\u00a0<\/p>\n<p>\u00cen ciuda alertelor de s\u0103n\u0103tate din ultimii ani precum probleme la \u015fold, dureri de genunchi, opera\u0163ii, infec\u0163ii respiratorii, Suveranul Pontif \u015fi-a men\u0163inut un ritm \u00eenc\u0103rcat la Vatican, spre marea nemul\u0163umire a medicilor s\u0103i, care i-au cerut \u00een mod constant s\u0103-\u015fi \u00eencetineasc\u0103 ritmul.<\/p>\n<p>Recenta spitalizare a Papei Francisc, a patra \u00een mai pu\u0163in de patru ani, a relansat \u00eentreb\u0103ri despre s\u0103n\u0103tatea acestuia, \u00een contextul \u00een care intervine la \u00eenceputul Anului Jubiliar al Bisericii Catolice, marcat de o lung\u0103 list\u0103 de evenimente, multe prezidate de c\u0103tre actualul lider.\u00a0<\/p>","protected":false},"excerpt":{"rendered":"<p>\u00cen v\u00e2rst\u0103 de 88 de ani, Papa Francisc sufer\u0103 de o \u201einfec\u0163ie polimicrobian\u0103 a c\u0103ilor&hellip;<\/p>\n","protected":false},"author":0,"featured_media":32701,"comment_status":"open","ping_status":"open","sticky":false,"template":"","format":"standard","meta":{"footnotes":""},"categories":[2],"tags":[],"class_list":["post-32711","post","type-post","status-publish","format-standard","has-post-thumbnail","hentry","category-actual"],"_links":{"self":[{"href":"https:\/\/247stiri.ro\/index.php\/wp-json\/wp\/v2\/posts\/32711","targetHints":{"allow":["GET"]}}],"collection":[{"href":"https:\/\/247stiri.ro\/index.php\/wp-json\/wp\/v2\/posts"}],"about":[{"href":"https:\/\/247stiri.ro\/index.php\/wp-json\/wp\/v2\/types\/post"}],"replies":[{"embeddable":true,"href":"https:\/\/247stiri.ro\/index.php\/wp-json\/wp\/v2\/comments?post=32711"}],"version-history":[{"count":0,"href":"https:\/\/247stiri.ro\/index.php\/wp-json\/wp\/v2\/posts\/32711\/revisions"}],"wp:featuredmedia":[{"embeddable":true,"href":"https:\/\/247stiri.ro\/index.php\/wp-json\/wp\/v2\/media\/32701"}],"wp:attachment":[{"href":"https:\/\/247stiri.ro\/index.php\/wp-json\/wp\/v2\/media?parent=32711"}],"wp:term":[{"taxonomy":"category","embeddable":true,"href":"https:\/\/247stiri.ro\/index.php\/wp-json\/wp\/v2\/categories?post=32711"},{"taxonomy":"post_tag","embeddable":true,"href":"https:\/\/247stiri.ro\/index.php\/wp-json\/wp\/v2\/tags?post=32711"}],"curies":[{"name":"wp","href":"https:\/\/api.w.org\/{rel}","templated":true}]}}