{"id":32717,"date":"2025-02-18T16:46:34","date_gmt":"2025-02-18T16:46:34","guid":{"rendered":"https:\/\/247stiri.ro\/index.php\/2025\/02\/18\/nicusor-dan-explica-cine-este-responsabil-pentru-deszapezire-cati-bani-cheltuie-capitala-pentru-curatatul-strazilor-de-omat\/"},"modified":"2025-02-18T16:46:34","modified_gmt":"2025-02-18T16:46:34","slug":"nicusor-dan-explica-cine-este-responsabil-pentru-deszapezire-cati-bani-cheltuie-capitala-pentru-curatatul-strazilor-de-omat","status":"publish","type":"post","link":"https:\/\/247stiri.ro\/index.php\/2025\/02\/18\/nicusor-dan-explica-cine-este-responsabil-pentru-deszapezire-cati-bani-cheltuie-capitala-pentru-curatatul-strazilor-de-omat\/","title":{"rendered":"Nicu\u0219or Dan explic\u0103 cine este responsabil pentru desz\u0103pezire. C\u00e2\u021bi bani cheltuie Capitala pentru cur\u0103\u021batul str\u0103zilor de om\u0103t"},"content":{"rendered":"<p>rimarul Capitalei, Nicu\u0219or Dan, a r\u0103spuns mar\u021bi, 18 februarie, acuza\u021biilor legate de str\u0103zile din Bucure\u0219ti pline de z\u0103pad\u0103. Edilul care candideaz\u0103 independent la alegerile preziden\u021biale a clarificat \u00een ce m\u0103sur\u0103 este implicat\u0103 Prim\u0103ria General\u0103 \u00een desz\u0103pezirea str\u0103zilor \u0219i a publicat bugetul de salubrizare al prim\u0103riilor de sector.<\/p>\n<p>Bucure\u0219tenii nemul\u021bumi\u021bi de str\u0103zile \u00eenz\u0103pezite nu ar trebui s\u0103 dea vina pe Prim\u0103ria Capitalei, deoarece desz\u0103pezirea intr\u0103 doar \u00een atribu\u021biile prim\u0103riilor de sector.<\/p>\n<p>\u201eAcesta este bugetul pe care cele 6 prim\u0103rii de sector l-au alocat pentru salubrizarea Bucure\u0219tiului, capitol care include \u0219i serviciile de desz\u0103pezire\u201d, a scris Nicu\u0219or Dan pe Facebook, prezent\u00e2nd cifrele care \u00eensumeaz\u0103 peste 1,14 miliarde de lei.<\/p>\n<p>Edilul a clarificat \u0219i situa\u021bia legal\u0103 cu privire la desz\u0103pezirea str\u0103zilor din Bucure\u0219ti.<\/p>\n<p>\u201ePrim\u0103ria Capitalei nu are atribu\u021bii pentru cur\u0103\u021barea z\u0103pezii de pe bulevardele \u0219i str\u0103zile ora\u0219ului, acestea sunt exclusiv \u00een sarcina prim\u0103riilor de sector\u201d, a clarificat Nicu\u0219or Dan.<\/p>\n<p>Bugetul de salubrizare ale prim\u0103riilor de Sector pe 2025Sector 1 &#8211; 227.564.409 leiSector 2 &#8211; 199.848.148 leiSector 3 &#8211; 143.316.823 leiSector 4 &#8211; 277.766.807 leiSector 5 &#8211; 165.427.992 leiSector 6 &#8211; 128.467.482 lei<\/p>\n<p>\u00censumat, bugetul de salubrizare al Bucure\u0219tiului, \u00een care intr\u0103 \u0219i cheltuielile de desz\u0103pezire a str\u0103zilor, ajunge la 1.142.353.611 lei.<\/p>","protected":false},"excerpt":{"rendered":"<p>rimarul Capitalei, Nicu\u0219or Dan, a r\u0103spuns mar\u021bi, 18 februarie, acuza\u021biilor legate de str\u0103zile din Bucure\u0219ti&hellip;<\/p>\n","protected":false},"author":0,"featured_media":32709,"comment_status":"open","ping_status":"open","sticky":false,"template":"","format":"standard","meta":{"footnotes":""},"categories":[2],"tags":[],"class_list":["post-32717","post","type-post","status-publish","format-standard","has-post-thumbnail","hentry","category-actual"],"_links":{"self":[{"href":"https:\/\/247stiri.ro\/index.php\/wp-json\/wp\/v2\/posts\/32717","targetHints":{"allow":["GET"]}}],"collection":[{"href":"https:\/\/247stiri.ro\/index.php\/wp-json\/wp\/v2\/posts"}],"about":[{"href":"https:\/\/247stiri.ro\/index.php\/wp-json\/wp\/v2\/types\/post"}],"replies":[{"embeddable":true,"href":"https:\/\/247stiri.ro\/index.php\/wp-json\/wp\/v2\/comments?post=32717"}],"version-history":[{"count":0,"href":"https:\/\/247stiri.ro\/index.php\/wp-json\/wp\/v2\/posts\/32717\/revisions"}],"wp:featuredmedia":[{"embeddable":true,"href":"https:\/\/247stiri.ro\/index.php\/wp-json\/wp\/v2\/media\/32709"}],"wp:attachment":[{"href":"https:\/\/247stiri.ro\/index.php\/wp-json\/wp\/v2\/media?parent=32717"}],"wp:term":[{"taxonomy":"category","embeddable":true,"href":"https:\/\/247stiri.ro\/index.php\/wp-json\/wp\/v2\/categories?post=32717"},{"taxonomy":"post_tag","embeddable":true,"href":"https:\/\/247stiri.ro\/index.php\/wp-json\/wp\/v2\/tags?post=32717"}],"curies":[{"name":"wp","href":"https:\/\/api.w.org\/{rel}","templated":true}]}}