{"id":32724,"date":"2025-02-18T17:45:05","date_gmt":"2025-02-18T17:45:05","guid":{"rendered":"https:\/\/247stiri.ro\/index.php\/2025\/02\/18\/rares-bogdan-dupa-ce-franta-a-convocat-si-romania-la-paris-la-un-summit-al-tarilor-ignorate-trebuia-sa-fie-invitata-la-primul-summit\/"},"modified":"2025-02-18T17:45:05","modified_gmt":"2025-02-18T17:45:05","slug":"rares-bogdan-dupa-ce-franta-a-convocat-si-romania-la-paris-la-un-summit-al-tarilor-ignorate-trebuia-sa-fie-invitata-la-primul-summit","status":"publish","type":"post","link":"https:\/\/247stiri.ro\/index.php\/2025\/02\/18\/rares-bogdan-dupa-ce-franta-a-convocat-si-romania-la-paris-la-un-summit-al-tarilor-ignorate-trebuia-sa-fie-invitata-la-primul-summit\/","title":{"rendered":"Rare\u0219 Bogdan, dup\u0103 ce Fran\u021ba a convocat \u0219i Rom\u00e2nia la Paris, la un Summit al \u021b\u0103rilor ignorate: \u201dTrebuia s\u0103 fie invitat\u0103 la primul Summit\u201d"},"content":{"rendered":"<p>Corespondentul special Realitatea PLUS a subliniat c\u0103 Rom\u00e2nia trebuia s\u0103 fie invitat\u0103 la primul <a href=\"https:\/\/www.realitatea.net\/stiri\/actual\/o-masa-mai-mica-franta-convoaca-si-romania-la-paris-in-repriza-a-doua-alaturi-de-alte-state-ue-si-canada_67b4beeeeecbc6329005bac2\" target=\"_blank\">Summit<\/a>, deoarece a fost \u021bara care a fost cea mai corect\u0103 din punct de vedere al parteneriatului asumat, at\u00e2t cu UE, c\u00e2t \u0219i cu SUA \u0219i Marea Britanie sau Israel pe ceea ce a \u00eensemnat conflictul din Ucraina.\u00a0<\/p>\n<p>\u201dM\u0103 bucur s\u0103 v\u0103d c\u0103 cei de la Paris s-au reevaluat, au reevaluat Rom\u00e2nia \u0219i celelalte \u021b\u0103ri care nu au participat. Nu po\u021bi participa la astfel de \u00eent\u00e2lniri dec\u00e2t dac\u0103 e\u0219ti invitat, nu po\u021bi n\u0103v\u0103li pe u\u0219\u0103, nu po\u021bi sparge u\u0219a. Rom\u00e2nia a fost o surpiz\u0103 nepl\u0103cut\u0103 c\u0103 nu a fost invitat\u0103 acolo, av\u00e2nd \u00een vedere faptul c\u0103 \u00een ultimii trei ani de zile a fost \u021bara care a fost cea mai corect\u0103 din punct de vedere al parteneriatului asumat, at\u00e2t cu UE, c\u00e2t \u0219i cu SUA \u0219i Marea Britanie sau Israel pe ceea ce a \u00eensemnat conflictul din Ucraina.\u00a0<\/p>\n<p>\u00centorc\u00e2ndu-m\u0103 aici, sigur c\u0103 se discut\u0103 despre taxe, se vrobe\u0219te mult, \u00een toate comisiile Parlamentului European, despre care ar trebui s\u0103 fie reac\u021bia UE. Uniunea European\u0103 care este sl\u0103bit\u0103 din punct de vedere economic, suntem pe locul trei, dup\u0103 SUA \u0219i China, lucrurile astea nu pot fi ignorate!<\/p>\n<p>Faptul c\u0103 pentru a fi competitiv avem nevoie de acei 800 de miliarde, anual investi\u021bi, de care vorbea Mario Draghi, e o chestiune real\u0103 \u0219i chiar serioas\u0103 pentru UE care trebuie s\u0103 mearg\u0103 \u0219i la un smart deal din acest green deal, care pune o presiune uria\u0219\u0103 pe Europa \u0219i a creat o problem\u0103 uria\u0219\u0103 legat\u0103 de locurile de munc\u0103\u201d, a declarat Rare\u0219 Bogdan, la Realitatea Plus.\u00a0<\/p>\n<p>\u00a0<\/p>","protected":false},"excerpt":{"rendered":"<p>Corespondentul special Realitatea PLUS a subliniat c\u0103 Rom\u00e2nia trebuia s\u0103 fie invitat\u0103 la primul Summit,&hellip;<\/p>\n","protected":false},"author":0,"featured_media":32719,"comment_status":"open","ping_status":"open","sticky":false,"template":"","format":"standard","meta":{"footnotes":""},"categories":[2],"tags":[],"class_list":["post-32724","post","type-post","status-publish","format-standard","has-post-thumbnail","hentry","category-actual"],"_links":{"self":[{"href":"https:\/\/247stiri.ro\/index.php\/wp-json\/wp\/v2\/posts\/32724","targetHints":{"allow":["GET"]}}],"collection":[{"href":"https:\/\/247stiri.ro\/index.php\/wp-json\/wp\/v2\/posts"}],"about":[{"href":"https:\/\/247stiri.ro\/index.php\/wp-json\/wp\/v2\/types\/post"}],"replies":[{"embeddable":true,"href":"https:\/\/247stiri.ro\/index.php\/wp-json\/wp\/v2\/comments?post=32724"}],"version-history":[{"count":0,"href":"https:\/\/247stiri.ro\/index.php\/wp-json\/wp\/v2\/posts\/32724\/revisions"}],"wp:featuredmedia":[{"embeddable":true,"href":"https:\/\/247stiri.ro\/index.php\/wp-json\/wp\/v2\/media\/32719"}],"wp:attachment":[{"href":"https:\/\/247stiri.ro\/index.php\/wp-json\/wp\/v2\/media?parent=32724"}],"wp:term":[{"taxonomy":"category","embeddable":true,"href":"https:\/\/247stiri.ro\/index.php\/wp-json\/wp\/v2\/categories?post=32724"},{"taxonomy":"post_tag","embeddable":true,"href":"https:\/\/247stiri.ro\/index.php\/wp-json\/wp\/v2\/tags?post=32724"}],"curies":[{"name":"wp","href":"https:\/\/api.w.org\/{rel}","templated":true}]}}