{"id":32726,"date":"2025-02-18T17:45:06","date_gmt":"2025-02-18T17:45:06","guid":{"rendered":"https:\/\/247stiri.ro\/index.php\/2025\/02\/18\/se-retrage-crin-antonescu-in-favoarea-lui-ilie-bolojan-ce-a-raspuns-candidatul-care-a-avut-ultimii-10-ani-ocupati-cu-concediul\/"},"modified":"2025-02-18T17:45:06","modified_gmt":"2025-02-18T17:45:06","slug":"se-retrage-crin-antonescu-in-favoarea-lui-ilie-bolojan-ce-a-raspuns-candidatul-care-a-avut-ultimii-10-ani-ocupati-cu-concediul","status":"publish","type":"post","link":"https:\/\/247stiri.ro\/index.php\/2025\/02\/18\/se-retrage-crin-antonescu-in-favoarea-lui-ilie-bolojan-ce-a-raspuns-candidatul-care-a-avut-ultimii-10-ani-ocupati-cu-concediul\/","title":{"rendered":"Se retrage Crin Antonescu \u00een favoarea lui Ilie Bolojan? Ce a r\u0103spuns candidatul care a avut ultimii 10 ani ocupa\u021bi cu concediul"},"content":{"rendered":"<p>Candidatul liberal a subliniat c\u0103 liderii politici care s\u0103 sus\u021bin\u0103 un proiect de \u021bar\u0103 sunt cei pe care electoratul i-a ales \u00een alegerile parlamentare de la 1 decembrie.<\/p>\n<p>\u2018Liderii politici exist\u0103, sunt cei pe care \u00eei avem la \u00eendem\u00e2n\u0103, cei pe care rom\u00e2nii au ales \u00een recentele alegeri, din 2024 pentru a-i reprezenta \u00een Parlamentul Rom\u00e2niei. Cred c\u0103 exist\u0103 proiectul \u0219i exist\u0103 liderii care s\u0103 reuneasc\u0103 Rom\u00e2nia esen\u021bial\u0103 pe o anumit\u0103 direc\u021bie. Proiectul nostru este \u2018Rom\u00e2nia Occidental\u0103\u2019, cu tot ceea ce \u00eenseamn\u0103 aceast\u0103 op\u021biune f\u0103cut\u0103 de mult de na\u021biunea rom\u00e2n\u0103 prin reprezentan\u021bii s\u0103i (\u2026)\u2019, a afirmat Crin Antonescu, \u00eentr-o conferin\u021b\u0103 de pres\u0103.<\/p>\n<p>El a subliniat c\u0103 acest proiect va fi reconfirmat de electorat prin alegerea unui pre\u0219edinte care s\u0103 garanteze stabilitatea intern\u0103 \u0219i direc\u021bia occidental\u0103 a Rom\u00e2niei.<\/p>\n<p>Crin Antonescu a men\u021bionat \u0219i c\u0103 \u00een prezent reprezint\u0103 dou\u0103 pericole mari pentru \u021bar\u0103 dezbinarea electoratului \u0219i faptul c\u0103 \u00eenc\u0103 nu avem un pre\u0219edinte ales.<\/p>\n<p>\u2018Este aceast\u0103 lips\u0103 de coeziune \u0219i, mai mult dec\u00e2t at\u00e2t, aceast\u0103 dezbinare f\u0103r\u0103 precedent din interiorul corpului electoral \u0219i din interiorul opiniei publice rom\u00e2ne\u0219ti \u0219i mai ales evolu\u021bia tensiunilor \u0219i evenimentelor interna\u021bionale, care pot s\u0103 induc\u0103 \u00eenc\u0103 o not\u0103 de neclaritate \u00een ceea ce prive\u0219te op\u021biunile noastre. \u00cen momentul \u00een care noi spunem \u2018Rom\u00e2nia Occidental\u0103\u2019, parcursul occidental european \u0219i transatlantic al Rom\u00e2niei, aceasta presupune c\u0103 Uniunea European\u0103, structurile \u00een care noi am intrat, ne-am consolidat pozi\u021bia, ne-am c\u00e2\u0219tigat un profil (\u2026), trebuie s\u0103 fie convergent\u0103 cu ac\u021biunea administra\u021biei americane, cu politica american\u0103 esen\u021bial\u0103 \u0219i pentru parteneriatul strategic \u00eentre Rom\u00e2nia \u0219i Statele Unite, \u0219i desigur pentru NATO, o structur\u0103 de securitate \u0219i o structur\u0103 politic\u0103 de securitate f\u0103r\u0103 de care e greu de conceput tot ceea ce \u00eenseamn\u0103 structura occidental\u0103, incluz\u00e2nd Uniunea European\u0103, Europa \u00een general \u0219i Statele Unite. (\u2026). Deocamdat\u0103, dificultatea Rom\u00e2niei este c\u0103 nu are un pre\u0219edinte pe deplin legitim, un pre\u0219edinte ales, ci are doar un pre\u0219edinte interimar. (\u2026). P\u00e2n\u0103 la alegerea unui nou pre\u0219edinte, e foarte dificil \u0219i pentru parteneri s\u0103 \u00een\u021beleag\u0103 \u00eencotro se va \u00eendrepta Rom\u00e2nia dup\u0103 18 mai (\u2026) Pericole exist\u0103, \u00eens\u0103 \u0219i p\u00e2n\u0103 atunci e foarte important ca to\u021bi cei care vorbesc \u00een numele Rom\u00e2niei s\u0103 dea c\u00e2t mai multe informa\u021bii \u0219i c\u00e2t mai multe garan\u021bii partenerilor no\u0219tri din Europa \u0219i din Statele Unite\u2019, a afirmat Crin Antonescu.<\/p>\n<p>Candidatul la Pre\u0219edin\u021bia Rom\u00e2niei a subliniat c\u0103 faptul c\u0103 suntem \u00een Uniunea European\u0103, dar suntem \u00een acela\u0219i timp \u00een parteneriat \u0219i cu Statele Unite \u0219i membrii NATO reprezint\u0103 \u2018valorile, busola, c\u0103l\u0103uza \u0219i temeiul pe care noi ne vom pronun\u021ba \u0219i \u00een interiorul Uniunii Europene \u0219i \u00een dialogul bilateral cu Statele Unite atunci c\u00e2nd el va avea loc\u2019.<\/p>\n<p>\u00centrebat dac\u0103 ar accepta s\u0103 se retrag\u0103 din cursa pentru Cotroceni \u00een favoarea actualului pre\u0219edinte interimar, Ilie Bolojan, el a r\u0103spuns c\u0103 nu se pune cazul pentru o astfel de problem\u0103. \u2018Cum a\u0219 primi o astfel de veste? Nu a\u0219 primi-o. Nu se pune aceast\u0103 problem\u0103\u2019, a mai spus Crin Antonescu.<\/p>\n<p>Candidatul sus\u021binut de PSD, PNL \u0219i UDMR pentru preziden\u021biale a ales Timi\u0219oara pentru a-\u0219i \u00eencepe precampania electoral\u0103. El a discutat cu primari din jude\u021bul Timi\u0219, cu reprezentan\u021bii ai mediului academic local \u0219i ai oamenilor de afaceri \u0219i a avut o \u00eentrevedere cu Mitropolitul Banatului, Ioan Selejan.<\/p>","protected":false},"excerpt":{"rendered":"<p>Candidatul liberal a subliniat c\u0103 liderii politici care s\u0103 sus\u021bin\u0103 un proiect de \u021bar\u0103 sunt&hellip;<\/p>\n","protected":false},"author":0,"featured_media":32723,"comment_status":"open","ping_status":"open","sticky":false,"template":"","format":"standard","meta":{"footnotes":""},"categories":[2],"tags":[],"class_list":["post-32726","post","type-post","status-publish","format-standard","has-post-thumbnail","hentry","category-actual"],"_links":{"self":[{"href":"https:\/\/247stiri.ro\/index.php\/wp-json\/wp\/v2\/posts\/32726","targetHints":{"allow":["GET"]}}],"collection":[{"href":"https:\/\/247stiri.ro\/index.php\/wp-json\/wp\/v2\/posts"}],"about":[{"href":"https:\/\/247stiri.ro\/index.php\/wp-json\/wp\/v2\/types\/post"}],"replies":[{"embeddable":true,"href":"https:\/\/247stiri.ro\/index.php\/wp-json\/wp\/v2\/comments?post=32726"}],"version-history":[{"count":0,"href":"https:\/\/247stiri.ro\/index.php\/wp-json\/wp\/v2\/posts\/32726\/revisions"}],"wp:featuredmedia":[{"embeddable":true,"href":"https:\/\/247stiri.ro\/index.php\/wp-json\/wp\/v2\/media\/32723"}],"wp:attachment":[{"href":"https:\/\/247stiri.ro\/index.php\/wp-json\/wp\/v2\/media?parent=32726"}],"wp:term":[{"taxonomy":"category","embeddable":true,"href":"https:\/\/247stiri.ro\/index.php\/wp-json\/wp\/v2\/categories?post=32726"},{"taxonomy":"post_tag","embeddable":true,"href":"https:\/\/247stiri.ro\/index.php\/wp-json\/wp\/v2\/tags?post=32726"}],"curies":[{"name":"wp","href":"https:\/\/api.w.org\/{rel}","templated":true}]}}