{"id":32741,"date":"2025-02-18T18:44:51","date_gmt":"2025-02-18T18:44:51","guid":{"rendered":"https:\/\/247stiri.ro\/index.php\/2025\/02\/18\/burduja-atac-la-nicusor-dan-primaria-capitalei-are-datorii-istorice-la-elcen-noi-suntem-aici-n-am-plecat-in-campanie\/"},"modified":"2025-02-18T18:44:51","modified_gmt":"2025-02-18T18:44:51","slug":"burduja-atac-la-nicusor-dan-primaria-capitalei-are-datorii-istorice-la-elcen-noi-suntem-aici-n-am-plecat-in-campanie","status":"publish","type":"post","link":"https:\/\/247stiri.ro\/index.php\/2025\/02\/18\/burduja-atac-la-nicusor-dan-primaria-capitalei-are-datorii-istorice-la-elcen-noi-suntem-aici-n-am-plecat-in-campanie\/","title":{"rendered":"Burduja, atac la Nicu\u0219or Dan: \u201ePrim\u0103ria Capitalei are datorii istorice la ELCEN. Noi suntem aici. N-am plecat \u00een campanie!\u201d"},"content":{"rendered":"<p>Ministrul Energiei, Sebastian Burduja, afirm\u0103 mar\u0163i c\u0103 primarul Capitalei consider\u0103 vinovat\u0103 pentru situa\u0163ia termofic\u0103rii din Bucure\u015fti ELCEN, o companie fa\u0163\u0103 de care Prim\u0103ria Capitalei are datorii imense, de peste 1,1 miliarde lei. \u201d\u00cen zilele grele de iarn\u0103 pentru Bucure\u015fti, noi suntem aici, nu am plecat \u00een campanie electoral\u0103\u201d, \u00eei r\u0103spunde Burduja lui Nicu\u015for Dan, ar\u0103t\u00e2nd c\u0103 avaria de luni, de la CET Vest, a fost remediat\u0103 \u00een timp record \u015fi ELCEN nu a \u00eentrerupt nicio secund\u0103 furnizarea agentului termic.<\/p>\n<p>\u201dAst\u0103zi, Primarul Capitalei ne spune c\u0103 vinovat\u0103 pentru situa\u0163ia termofic\u0103rii din Bucure\u015fti este o companie din portofoliul Ministerului Energiei \u2014 ELCEN. O companie fa\u0163\u0103 de care Prim\u0103ria Capitalei are datorii imense, de peste 1,1 miliarde lei. \u00cen zilele grele de iarn\u0103 pentru Bucure\u015fti, noi suntem aici, nu am plecat \u00een campanie electoral\u0103\u201d, spune Burduja \u00eentr-o postare.<\/p>\n<p>Ministrul arat\u0103 c\u0103 a avut azi comandament de iarn\u0103 \u015fi a g\u0103sit \u015fi va g\u0103si mereu solu\u0163ii, \u00een sprijinul bucure\u015ftenilor.<\/p>\n<p>\u201dAvaria de ieri, de la CET Vest, a fost remediat\u0103 \u00een timp record. M\u0103i mult, ELCEN nu a \u00eentrerupt nicio secund\u0103 furnizarea agentului termic, pornind un cazan de ap\u0103 fierbinte pentru a suplini declan\u015f\u0103rile de la echipamentele din CET VEST. Nu a fost niciun impact semnificativ la consumatorul final din cauza acestui incident, iar asta o confirm\u0103 oficial ELCEN\u201d, subliniaz\u0103 ministrul.<\/p>\n<p>\u201dA\u015fa cum sunt, din anii 60-70 (cu excep\u0163ia CET VEST, modernizat \u00een 2009), CET-urile din Bucure\u015fti \u00ee\u015fi fac treaba, prin eforturi supraomene\u015fti ale oamenilor care se ocup\u0103 de func\u0163ionarea lor\u201d, mai afirm\u0103 el.<\/p>\n<p>\u00a0<\/p>\n<p>Ministrul Energiei mai declar\u0103 c\u0103 \u00een noiembrie 2024, a semnat cu ELCEN contracte de finan\u0163are \u00een valoare de 362 de milioane de euro, bani nerambursabili, ob\u0163inu\u0163i dup\u0103 o munc\u0103 titanic\u0103, pentru modernizarea CET Groz\u0103ve\u015fti, CET Progresu \u015fi CET Bucure\u015fti Sud. \u00cen 3-4 ani, investi\u0163iile vor fi gata.<\/p>\n<p>\u201d\u00cen iunie 2024, au fost demarate lucr\u0103rile la CET Titan, prima termocentral\u0103 construit\u0103 \u00een ultimele decenii \u00een Capital\u0103. Proiectul are ca termen \u00eenceputul anului 2027. Am lansat un apel de sute de milioane de euro, bani gratis, tot din fondul pentru modernizare, pentru reabilitarea re\u0163elelor de termoficare. Oradea, Clujul, Craiova, Ploie\u015ftiul, Suceava \u015fi al\u0163ii au reu\u015fit \u015fi au semnat deja contractele. Bucure\u015ftiul a depus dou\u0103 aplica\u0163ii neeligibile, respinse de evaluatorii externi. Am ini\u0163iat fuziunea ELCEN-Termoenergetica, dup\u0103 ani de blocaje \u015fi dup\u0103 o munc\u0103 de convingere inclusiv la nivelul Consiliului General. Procesul este \u00een grafic \u015fi Bucure\u015ftiul va avea un sistem integrat \u015fi modern de termoficare\u201d, precizeaz\u0103 Sebastian Burduja.<\/p>\n<p>Ministrul arat\u0103 c\u0103, \u201d\u00eentre timp, pierderile din re\u0163eaua de termoficare a prim\u0103riei dep\u0103\u015fesc \u00een continuare peste 2400 t\/h (da, 2400 de tone de ap\u0103 fierbinte se scurg prin \u0163evile vechi ca printr-o sit\u0103, \u00een fiecare or\u0103)\u201d.<\/p>\n<p>\u201dCET-urile func\u0163ioneaz\u0103, dar au nevoie de plata datoriei PMB c\u0103tre ELCEN, ca proiectele cu finan\u0163are european\u0103 s\u0103 poat\u0103 fi cofinan\u0163ate \u015fi implementate \u00een grafic. Aceasta este realitatea. Fac totu\u015fi un apel la Primarul Capitalei: dincolo de interesul lui politic personal \u00een aceast\u0103 perioad\u0103, s\u0103 nu uite cu cine este, de fapt, lupta. Avem toat\u0103 deschiderea s\u0103 livr\u0103m \u00eempreun\u0103 ceea ce bucure\u015ftenii a\u015fteapt\u0103 de la noi: adev\u0103r \u015fi rezultate\u201d, mai spune Burduja.<\/p>\n<p>\u00a0<\/p>\n<p>Primarul general al Capitalei, Nicu\u015for Dan, a afirmat, mar\u0163i, \u00een leg\u0103tur\u0103 cu avaria de la CET Vest apar\u0163in\u00e2nd ELCEN c\u0103 este a opta din acest sezon rece, iar acest lucru \u00eenseamn\u0103 c\u0103 alimentarea cu agent termic este imprevizibil\u0103 \u015fi cei care au de suferit sunt bucure\u015ftenii.<\/p>\n<p>\u00a0<\/p>\n<p>Potrivit edilului, investi\u0163iile \u00een termoficare vor p\u0103rea inutile dac\u0103 ELCEN, aflat \u00een subordinea Ministerului Energiei, nu va face investi\u0163ii \u00een modernizarea CET-urilor pentru a reduce num\u0103rul avariilor. \u201eDegeaba schimb\u0103m conductele, dac\u0103 nu exist\u0103 agent termic care s\u0103 treac\u0103 prin ele\u201d, a afirmat primarul Capitalei.<\/p>","protected":false},"excerpt":{"rendered":"<p>Ministrul Energiei, Sebastian Burduja, afirm\u0103 mar\u0163i c\u0103 primarul Capitalei consider\u0103 vinovat\u0103 pentru situa\u0163ia termofic\u0103rii din&hellip;<\/p>\n","protected":false},"author":0,"featured_media":32738,"comment_status":"open","ping_status":"open","sticky":false,"template":"","format":"standard","meta":{"footnotes":""},"categories":[2],"tags":[],"class_list":["post-32741","post","type-post","status-publish","format-standard","has-post-thumbnail","hentry","category-actual"],"_links":{"self":[{"href":"https:\/\/247stiri.ro\/index.php\/wp-json\/wp\/v2\/posts\/32741","targetHints":{"allow":["GET"]}}],"collection":[{"href":"https:\/\/247stiri.ro\/index.php\/wp-json\/wp\/v2\/posts"}],"about":[{"href":"https:\/\/247stiri.ro\/index.php\/wp-json\/wp\/v2\/types\/post"}],"replies":[{"embeddable":true,"href":"https:\/\/247stiri.ro\/index.php\/wp-json\/wp\/v2\/comments?post=32741"}],"version-history":[{"count":0,"href":"https:\/\/247stiri.ro\/index.php\/wp-json\/wp\/v2\/posts\/32741\/revisions"}],"wp:featuredmedia":[{"embeddable":true,"href":"https:\/\/247stiri.ro\/index.php\/wp-json\/wp\/v2\/media\/32738"}],"wp:attachment":[{"href":"https:\/\/247stiri.ro\/index.php\/wp-json\/wp\/v2\/media?parent=32741"}],"wp:term":[{"taxonomy":"category","embeddable":true,"href":"https:\/\/247stiri.ro\/index.php\/wp-json\/wp\/v2\/categories?post=32741"},{"taxonomy":"post_tag","embeddable":true,"href":"https:\/\/247stiri.ro\/index.php\/wp-json\/wp\/v2\/tags?post=32741"}],"curies":[{"name":"wp","href":"https:\/\/api.w.org\/{rel}","templated":true}]}}