{"id":32750,"date":"2025-02-18T19:44:50","date_gmt":"2025-02-18T19:44:50","guid":{"rendered":"https:\/\/247stiri.ro\/index.php\/2025\/02\/18\/calin-georgescu-un-nou-mesaj-pentru-popor-presedintele-ales-clarifica-de-ce-se-strang-semnaturi-pentru-turul-2-inapoi\/"},"modified":"2025-02-18T19:44:50","modified_gmt":"2025-02-18T19:44:50","slug":"calin-georgescu-un-nou-mesaj-pentru-popor-presedintele-ales-clarifica-de-ce-se-strang-semnaturi-pentru-turul-2-inapoi","status":"publish","type":"post","link":"https:\/\/247stiri.ro\/index.php\/2025\/02\/18\/calin-georgescu-un-nou-mesaj-pentru-popor-presedintele-ales-clarifica-de-ce-se-strang-semnaturi-pentru-turul-2-inapoi\/","title":{"rendered":"C\u0103lin Georgescu, un nou mesaj pentru popor. Pre\u0219edintele ales clarific\u0103: De ce se str\u00e2ng semn\u0103turi pentru turul 2 \u00eenapoi"},"content":{"rendered":"<p>\u201eDragii mei, reluarea turului doi r\u0103m\u00e2ne prioritatea noastr\u0103!Atunci, de ce ac\u021biunea de str\u00e2ngere a semn\u0103turilor?Ac\u021biunea de str\u00e2ngere a semn\u0103turilor este menit\u0103 s\u0103 arate sistemului c\u0103 indiferent de ceea ce cred ei c\u0103 pot am\u00e2na sau bloca, noi, poporul suntem cei care vor folosi toate p\u00e2rghiile pentru a ne proteja democra\u021bia \u0219i libertatea!S\u00e2mb\u0103ta (22 februarie) este un moment \u00een care s\u0103 ar\u0103t\u0103m o ac\u021biune concret\u0103 prin prezen\u021ba \u00eentr-un num\u0103r cov\u00e2r\u0219itor \u00een Pia\u021ba Constitu\u021biei, de la ora 11:00. Acum s\u0103 fim mai mul\u021bi \u0219i mai uni\u021bi ca niciodat\u0103.Dac\u0103 CCR nu dore\u0219te s\u0103-\u0219i revizuiasc\u0103 decizia de anulare p\u00e2n\u0103 vineri (21 februarie) noi, poporul vom dovedi c\u0103 vom \u00eenvinge de fiecare dat\u0103, indiferent de decizia CCR sau a barbarilor politici care guverneaz\u0103 ilegal.Ac\u021biunile institu\u021biilor interna\u021bionale sunt, de asemenea, \u00een desf\u0103\u0219urare, dar durata anchetelor nu este una scurt\u0103 \u0219i nici misiunea institu\u021biilor interna\u021bionale nu este una u\u0219oar\u0103 deoarece sistemul nu dore\u0219te s\u0103 cedeze. Precum un animal r\u0103nit prins \u00een capcan\u0103 de v\u00e2n\u0103tor, sistemul caut\u0103 s\u0103 mu\u0219te \u00een disperata sa \u00eencercare de a se elibera din str\u00e2nsoarea legii. Nu va reu\u0219i! Se va autodevora.Din acest motiv, str\u00e2ngerea semn\u0103turilor nu este doar un demers menit s\u0103 distrug\u0103 sistemul, dar este \u00een primul r\u00e2nd un simbol al unit\u0103\u021bii rom\u00e2nilor din \u021bar\u0103 \u0219i \u00eentreaga lume. Avem acela\u0219i scop: LIBERTATEA!Pentru cei care nu ve\u021bi ajunge \u00een Bucure\u0219ti, v\u0103 rog s\u0103 merge\u021bi \u00eentr-un parc, \u00een fiecare localitate din \u021bar\u0103 sau diaspora. Un parc este un loc \u00een care v\u0103 pute\u021bi aduna \u00eentr-un num\u0103r c\u00e2t mai mare pentru a semna, f\u0103r\u0103 s\u0103 fie considerat\u0103 o ac\u021biune care s\u0103 pun\u0103 \u00een &#8222;alert\u0103&#8221; autorit\u0103\u021bile, doar \u0219ti\u021bi c\u0103 autorit\u0103\u021bilor le este team\u0103 de \u00eent\u00e2lnirea cu poporul&#8230;Rog voluntarii care se vor ocupa de ac\u021biunea direct\u0103 de str\u00e2ngere a semn\u0103turilor s\u0103 anun\u021be pe grupurile lor de comunit\u0103\u021bi &#8211; loca\u021bia \u0219i ora \u00een care se vor afla cu listele, ca s\u0103 \u0219tie to\u021bi cei dornici s\u0103 semneze unde pot fi g\u0103si\u021bi. Lua\u021bi cu voi un steag ca s\u0103 se \u0219tie unde este Rom\u00e2nia liber\u0103 \u0219i astfel ve\u021bi fi u\u0219or de reperat \u00een parcul \u00een care v\u0103 afla\u021bi, sau pune\u021bi-v\u0103 o banderol\u0103 alb\u0103 la m\u00e2na pentru a fi identifica\u021bi u\u0219or de cei care doresc s\u0103 semneze.De asemenea, membrii partidelor AUR \u0219i POT str\u00e2ng semn\u0103turile necesare, dac\u0103 sunte\u021bi abordat de membrii celor dou\u0103 partide \u00een acest demers v\u0103 rog s\u0103 le oferi\u021bi suport, suntem \u00eempreun\u0103 \u00een aceea\u0219i misiune, una pentru DEMNITATE, DEMOCRA\u021aIE \u0219i LIBERTATE!Noi suntem poporul!Noi suntem Rom\u00e2nia!Noi avem puterea!\u201d\u00a0<\/p>","protected":false},"excerpt":{"rendered":"<p>\u201eDragii mei, reluarea turului doi r\u0103m\u00e2ne prioritatea noastr\u0103!Atunci, de ce ac\u021biunea de str\u00e2ngere a semn\u0103turilor?Ac\u021biunea&hellip;<\/p>\n","protected":false},"author":0,"featured_media":32749,"comment_status":"open","ping_status":"open","sticky":false,"template":"","format":"standard","meta":{"footnotes":""},"categories":[2],"tags":[],"class_list":["post-32750","post","type-post","status-publish","format-standard","has-post-thumbnail","hentry","category-actual"],"_links":{"self":[{"href":"https:\/\/247stiri.ro\/index.php\/wp-json\/wp\/v2\/posts\/32750","targetHints":{"allow":["GET"]}}],"collection":[{"href":"https:\/\/247stiri.ro\/index.php\/wp-json\/wp\/v2\/posts"}],"about":[{"href":"https:\/\/247stiri.ro\/index.php\/wp-json\/wp\/v2\/types\/post"}],"replies":[{"embeddable":true,"href":"https:\/\/247stiri.ro\/index.php\/wp-json\/wp\/v2\/comments?post=32750"}],"version-history":[{"count":0,"href":"https:\/\/247stiri.ro\/index.php\/wp-json\/wp\/v2\/posts\/32750\/revisions"}],"wp:featuredmedia":[{"embeddable":true,"href":"https:\/\/247stiri.ro\/index.php\/wp-json\/wp\/v2\/media\/32749"}],"wp:attachment":[{"href":"https:\/\/247stiri.ro\/index.php\/wp-json\/wp\/v2\/media?parent=32750"}],"wp:term":[{"taxonomy":"category","embeddable":true,"href":"https:\/\/247stiri.ro\/index.php\/wp-json\/wp\/v2\/categories?post=32750"},{"taxonomy":"post_tag","embeddable":true,"href":"https:\/\/247stiri.ro\/index.php\/wp-json\/wp\/v2\/tags?post=32750"}],"curies":[{"name":"wp","href":"https:\/\/api.w.org\/{rel}","templated":true}]}}