{"id":32758,"date":"2025-02-18T21:44:47","date_gmt":"2025-02-18T21:44:47","guid":{"rendered":"https:\/\/247stiri.ro\/index.php\/2025\/02\/18\/cum-se-simte-actrita-monica-davidescu-dupa-doua-interventii-chirurgicale-a-fost-foarte-greu\/"},"modified":"2025-02-18T21:44:47","modified_gmt":"2025-02-18T21:44:47","slug":"cum-se-simte-actrita-monica-davidescu-dupa-doua-interventii-chirurgicale-a-fost-foarte-greu","status":"publish","type":"post","link":"https:\/\/247stiri.ro\/index.php\/2025\/02\/18\/cum-se-simte-actrita-monica-davidescu-dupa-doua-interventii-chirurgicale-a-fost-foarte-greu\/","title":{"rendered":"Cum se simte actri\u021ba Monica Davidescu dup\u0103 dou\u0103 interven\u021bii chirurgicale: \u201eA fost foarte greu!\u201d"},"content":{"rendered":"<p>Discret\u0103 \u00een privin\u021ba problemelor de s\u0103n\u0103tate<\/p>\n<p><a href=\"https:\/\/www.realitatea.net\/stiri\/actual\/aurelian-temisan-monica-davidescu-si-fiica-lor-au-fost-diagnosticati-cu-covid_61f9574de8a2ee313c4e4343\" target=\"_blank\">Actri\u021ba a preferat<\/a> s\u0103 p\u0103streze discre\u021bia \u00een ceea ce prive\u0219te starea sa de s\u0103n\u0103tate, evit\u00e2nd s\u0103 \u00ee\u0219i \u00eengrijoreze publicul. Abia acum, Monica Davidescu a dezv\u0103luit c\u0103 a trecut prin dou\u0103 opera\u021bii \u0219i o perioad\u0103 \u00eendelungat\u0103 de spitalizare. \u201eA fost un an greu, \u00een care am pierdut oameni dragi, precum Ileana Stana-Ionescu, Andrei Ionescu \u0219i Dinu S\u0103raru. Pe l\u00e2ng\u0103 asta, am avut \u0219i dou\u0103 interven\u021bii chirurgicale, dar, din fericire, acum sunt bine\u201d, a declarat actri\u021ba pentru Viva.ro.<\/p>\n<p>Pe l\u00e2ng\u0103 problemele de s\u0103n\u0103tate, Monica Davidescu a avut un an solicitant \u0219i din punct de vedere profesional. Preg\u0103tirile pentru spectacolul Visul unei nop\u021bi de var\u0103, care a avut premiera pe 10 februarie, au fost intense \u0219i pline de provoc\u0103ri. \u201eA fost un parcurs lung, cu multe obstacole, dar am reu\u0219it s\u0103 le dep\u0103\u0219im \u0219i s\u0103 avem o premier\u0103 reu\u0219it\u0103. C\u00e2nd ai familia al\u0103turi, po\u021bi trece prin orice\u201d, a m\u0103rturisit actri\u021ba.<\/p>\n<p>Lec\u021bia \u00eenv\u0103\u021bat\u0103 de la bunica sa<\/p>\n<p><a href=\"https:\/\/www.realitatea.net\/stiri\/actual\/monica-davidescu-a-ajuns-de-urgenta-la-spital_5dcc9246406af85273d52e25\" target=\"_blank\">Monica Davidescu<\/a> a subliniat c\u0103 prefer\u0103 s\u0103 \u00eemp\u0103rt\u0103\u0219easc\u0103 bucuriile, nu necazurile, inspirat\u0103 de un sfat primit de la bunica sa: \u201eC\u00e2nd ai o fericire, spune-o tuturor \u0219i las\u0103-i s\u0103 se bucure cu tine. Dar c\u00e2nd ai un necaz, \u00eencearc\u0103 s\u0103-l rezolvi cu cei apropia\u021bi, pentru c\u0103 doar ei \u00ee\u021bi pot fi al\u0103turi \u00een astfel de momente\u201d.<\/p>\n<p>Acum, actri\u021ba spune c\u0103 este \u00eentr-o stare bun\u0103 \u0219i se concentreaz\u0103 pe proiectele sale artistice, bucur\u00e2ndu-se de sprijinul familiei \u0219i al celor care \u00eei sunt aproape.<\/p>","protected":false},"excerpt":{"rendered":"<p>Discret\u0103 \u00een privin\u021ba problemelor de s\u0103n\u0103tate Actri\u021ba a preferat s\u0103 p\u0103streze discre\u021bia \u00een ceea ce&hellip;<\/p>\n","protected":false},"author":0,"featured_media":32759,"comment_status":"open","ping_status":"open","sticky":false,"template":"","format":"standard","meta":{"footnotes":""},"categories":[8],"tags":[],"class_list":["post-32758","post","type-post","status-publish","format-standard","has-post-thumbnail","hentry","category-lifestyle"],"_links":{"self":[{"href":"https:\/\/247stiri.ro\/index.php\/wp-json\/wp\/v2\/posts\/32758","targetHints":{"allow":["GET"]}}],"collection":[{"href":"https:\/\/247stiri.ro\/index.php\/wp-json\/wp\/v2\/posts"}],"about":[{"href":"https:\/\/247stiri.ro\/index.php\/wp-json\/wp\/v2\/types\/post"}],"replies":[{"embeddable":true,"href":"https:\/\/247stiri.ro\/index.php\/wp-json\/wp\/v2\/comments?post=32758"}],"version-history":[{"count":0,"href":"https:\/\/247stiri.ro\/index.php\/wp-json\/wp\/v2\/posts\/32758\/revisions"}],"wp:featuredmedia":[{"embeddable":true,"href":"https:\/\/247stiri.ro\/index.php\/wp-json\/wp\/v2\/media\/32759"}],"wp:attachment":[{"href":"https:\/\/247stiri.ro\/index.php\/wp-json\/wp\/v2\/media?parent=32758"}],"wp:term":[{"taxonomy":"category","embeddable":true,"href":"https:\/\/247stiri.ro\/index.php\/wp-json\/wp\/v2\/categories?post=32758"},{"taxonomy":"post_tag","embeddable":true,"href":"https:\/\/247stiri.ro\/index.php\/wp-json\/wp\/v2\/tags?post=32758"}],"curies":[{"name":"wp","href":"https:\/\/api.w.org\/{rel}","templated":true}]}}