{"id":32808,"date":"2025-02-19T06:51:15","date_gmt":"2025-02-19T06:51:15","guid":{"rendered":"https:\/\/247stiri.ro\/index.php\/2025\/02\/19\/bolojan-merge-astazi-pe-ascuns-la-paris-dupa-esecul-diplomatic-de-proportii-suferit-de-tara-noastra-cum-a-ratat-negocieri-importante-pentru-romania\/"},"modified":"2025-02-19T06:51:15","modified_gmt":"2025-02-19T06:51:15","slug":"bolojan-merge-astazi-pe-ascuns-la-paris-dupa-esecul-diplomatic-de-proportii-suferit-de-tara-noastra-cum-a-ratat-negocieri-importante-pentru-romania","status":"publish","type":"post","link":"https:\/\/247stiri.ro\/index.php\/2025\/02\/19\/bolojan-merge-astazi-pe-ascuns-la-paris-dupa-esecul-diplomatic-de-proportii-suferit-de-tara-noastra-cum-a-ratat-negocieri-importante-pentru-romania\/","title":{"rendered":"Bolojan merge ast\u0103zi PE ASCUNS la Paris dup\u0103 e\u0219ecul diplomatic de propor\u021bii suferit de \u021bara noastr\u0103. Cum a RATAT negocieri importante pentru Rom\u00e2nia"},"content":{"rendered":"<p>Ast\u0103zi va avea loc a doua parte a Summitului de la Paris, convocat de pre\u0219edintele Fran\u021bei Emmanuel Macron, \u00eent\u00e2lnire la care va participa \u0219i Rom\u00e2nia.\u00a0<\/p>\n<p>La \u00eenceputul acestei s\u0103pt\u0103m\u00e2ni, tematica r\u0103zboiului din Ucraina a fost discutat\u0103 la acea \u00eent\u00e2lnire de lideri importan\u021bi ai Europei \u0219i ai NATO, \u00eens\u0103 la noi \u00een \u021bar\u0103 ministrul de Externe a spus c\u0103 Rom\u00e2nia a fost reprezentat\u0103 la acea \u00eentrevedere de c\u0103tre Polonia.\u00a0<\/p>\n<p>Problemele celor dou\u0103 \u021b\u0103ri sunt, \u00eens\u0103, diferite, iar din informa\u021biile ob\u021binute de Realitatea PLUS la baza acestei \u00een\u021belegeri nu a existat niciun act. Prin urmare, nu \u0219tim dac\u0103 polonezii \u0219tiau c\u0103 ne reprezint\u0103 la acea \u00eent\u00e2lnire.\u00a0<\/p>\n<p>Pre\u0219edintele Fran\u021bei a transmis pe platforma de socializare X c\u0103 r\u0103zboiul dintre Ucraina \u0219i Rusia va ajunge la pace doar dac\u0103 liderii celor dou\u0103 \u021b\u0103ri vor sta la aceea\u0219i mas\u0103 la negocieri.\u00a0<\/p>\n<p>Ast\u0103zi se vor \u00eent\u00e2lni mai mul\u021bi reprezentan\u021bi ai UE \u0219i vor discuta aceast\u0103 tematic\u0103 a r\u0103zboiului, ce implica\u021bii a avut p\u00e2n\u0103 acum \u0219i ce implica\u021bii va avea \u00een continuare \u00een acest context.\u00a0<\/p>","protected":false},"excerpt":{"rendered":"<p>Ast\u0103zi va avea loc a doua parte a Summitului de la Paris, convocat de pre\u0219edintele&hellip;<\/p>\n","protected":false},"author":0,"featured_media":32809,"comment_status":"open","ping_status":"open","sticky":false,"template":"","format":"standard","meta":{"footnotes":""},"categories":[3],"tags":[],"class_list":["post-32808","post","type-post","status-publish","format-standard","has-post-thumbnail","hentry","category-politica"],"_links":{"self":[{"href":"https:\/\/247stiri.ro\/index.php\/wp-json\/wp\/v2\/posts\/32808","targetHints":{"allow":["GET"]}}],"collection":[{"href":"https:\/\/247stiri.ro\/index.php\/wp-json\/wp\/v2\/posts"}],"about":[{"href":"https:\/\/247stiri.ro\/index.php\/wp-json\/wp\/v2\/types\/post"}],"replies":[{"embeddable":true,"href":"https:\/\/247stiri.ro\/index.php\/wp-json\/wp\/v2\/comments?post=32808"}],"version-history":[{"count":0,"href":"https:\/\/247stiri.ro\/index.php\/wp-json\/wp\/v2\/posts\/32808\/revisions"}],"wp:featuredmedia":[{"embeddable":true,"href":"https:\/\/247stiri.ro\/index.php\/wp-json\/wp\/v2\/media\/32809"}],"wp:attachment":[{"href":"https:\/\/247stiri.ro\/index.php\/wp-json\/wp\/v2\/media?parent=32808"}],"wp:term":[{"taxonomy":"category","embeddable":true,"href":"https:\/\/247stiri.ro\/index.php\/wp-json\/wp\/v2\/categories?post=32808"},{"taxonomy":"post_tag","embeddable":true,"href":"https:\/\/247stiri.ro\/index.php\/wp-json\/wp\/v2\/tags?post=32808"}],"curies":[{"name":"wp","href":"https:\/\/api.w.org\/{rel}","templated":true}]}}