{"id":32842,"date":"2025-02-19T07:44:58","date_gmt":"2025-02-19T07:44:58","guid":{"rendered":"https:\/\/247stiri.ro\/index.php\/2025\/02\/19\/prima-reactie-a-presedintelui-ccr-dupa-ultimatumul-lui-calin-georgescu-marian-enache-exclude-reluarea-turului-2-sfidare-maxima\/"},"modified":"2025-02-19T07:44:58","modified_gmt":"2025-02-19T07:44:58","slug":"prima-reactie-a-presedintelui-ccr-dupa-ultimatumul-lui-calin-georgescu-marian-enache-exclude-reluarea-turului-2-sfidare-maxima","status":"publish","type":"post","link":"https:\/\/247stiri.ro\/index.php\/2025\/02\/19\/prima-reactie-a-presedintelui-ccr-dupa-ultimatumul-lui-calin-georgescu-marian-enache-exclude-reluarea-turului-2-sfidare-maxima\/","title":{"rendered":"Prima REAC\u021aIE a pre\u0219edintelui CCR dup\u0103 ultimatumul lui C\u0103lin Georgescu. Marian Enache EXCLUDE reluarea turului 2: sfidare maxim\u0103"},"content":{"rendered":"<p>Vedem o prim\u0103 reac\u021bie a pre\u0219edintelui CCR. De pe 6 decembrie, de c\u00e2nd au fost anulate alegerile preziden\u021biale \u0219i p\u00e2n\u0103 \u00een prezent, CCR-ul\u00a0 nu a ie\u0219it cu o explica\u021bie \u00een fa\u021ba oamenilor s\u0103 spun\u0103 de ce au fost anulate alegerile \u0219i care au fost motivele care au stat la baza acestei decizii.<\/p>\n<p>Marian Enache spune acum c\u0103 decizia s-a bazat pe mai multe probe, cum ar fi finan\u021barea campaniei electorale, influen\u021barea votului \u0219i neregulile care s-au g\u0103sit \u00een tot ceea ce ar fi \u00eenseamnat campania electoral\u0103.\u00a0<\/p>\n<p>Mai spune, totodat\u0103, Marian Enache c\u0103 acaest\u0103 decizie nu a fost \u00eendreptat\u0103 c\u0103tre niciun candidat care s-a \u00eenscris \u00een cursa pentru alegerile preziden\u021biale \u0219i c\u0103 un factor esen\u021bial care a stat la baza acestei decizii a fost \u0219edin\u021ba CSAT care a semnalat interferen\u021be din partea unor actori externi.\u00a0<\/p>\n<p>P\u00e2n\u0103 \u00een prezent, \u00een spa\u021biul public nu au ap\u0103rut probe clare care s\u0103 arate de ce au fost anulate alegerile, asta de\u0219i pre\u0219edintele CCR a subliniat c\u0103 totul s-a bazat pe probe ce nu sunt clasificate.<\/p>","protected":false},"excerpt":{"rendered":"<p>Vedem o prim\u0103 reac\u021bie a pre\u0219edintelui CCR. De pe 6 decembrie, de c\u00e2nd au fost&hellip;<\/p>\n","protected":false},"author":0,"featured_media":32833,"comment_status":"open","ping_status":"open","sticky":false,"template":"","format":"standard","meta":{"footnotes":""},"categories":[2],"tags":[],"class_list":["post-32842","post","type-post","status-publish","format-standard","has-post-thumbnail","hentry","category-actual"],"_links":{"self":[{"href":"https:\/\/247stiri.ro\/index.php\/wp-json\/wp\/v2\/posts\/32842","targetHints":{"allow":["GET"]}}],"collection":[{"href":"https:\/\/247stiri.ro\/index.php\/wp-json\/wp\/v2\/posts"}],"about":[{"href":"https:\/\/247stiri.ro\/index.php\/wp-json\/wp\/v2\/types\/post"}],"replies":[{"embeddable":true,"href":"https:\/\/247stiri.ro\/index.php\/wp-json\/wp\/v2\/comments?post=32842"}],"version-history":[{"count":0,"href":"https:\/\/247stiri.ro\/index.php\/wp-json\/wp\/v2\/posts\/32842\/revisions"}],"wp:featuredmedia":[{"embeddable":true,"href":"https:\/\/247stiri.ro\/index.php\/wp-json\/wp\/v2\/media\/32833"}],"wp:attachment":[{"href":"https:\/\/247stiri.ro\/index.php\/wp-json\/wp\/v2\/media?parent=32842"}],"wp:term":[{"taxonomy":"category","embeddable":true,"href":"https:\/\/247stiri.ro\/index.php\/wp-json\/wp\/v2\/categories?post=32842"},{"taxonomy":"post_tag","embeddable":true,"href":"https:\/\/247stiri.ro\/index.php\/wp-json\/wp\/v2\/tags?post=32842"}],"curies":[{"name":"wp","href":"https:\/\/api.w.org\/{rel}","templated":true}]}}