{"id":32843,"date":"2025-02-19T07:44:58","date_gmt":"2025-02-19T07:44:58","guid":{"rendered":"https:\/\/247stiri.ro\/index.php\/2025\/02\/19\/cum-au-ajuns-noua-romani-sa-puna-in-pericol-siguranta-energetica-a-germaniei-compatriotii-au-adus-prejudicii-de-2-milioane-de-euro\/"},"modified":"2025-02-19T07:44:58","modified_gmt":"2025-02-19T07:44:58","slug":"cum-au-ajuns-noua-romani-sa-puna-in-pericol-siguranta-energetica-a-germaniei-compatriotii-au-adus-prejudicii-de-2-milioane-de-euro","status":"publish","type":"post","link":"https:\/\/247stiri.ro\/index.php\/2025\/02\/19\/cum-au-ajuns-noua-romani-sa-puna-in-pericol-siguranta-energetica-a-germaniei-compatriotii-au-adus-prejudicii-de-2-milioane-de-euro\/","title":{"rendered":"Cum au ajuns nou\u0103 rom\u00e2ni s\u0103 pun\u0103 \u00een pericol siguran\u021ba energetic\u0103 a Germaniei. Compatrio\u021bii au adus prejudicii de 2 milioane de euro"},"content":{"rendered":"<p>Un grup de rom\u00e2ni a fost adus \u00een fa\u021ba justi\u021biei din Germania, fiind acuzat de comiterea unor furturi \u00een serie din parcuri solare \u0219i hale industriale. Procesul a \u00eenceput luni la Tribunalul din Trier, unde nou\u0103 persoane sunt judecate pentru fapte care au generat un prejudiciu considerabil.<\/p>\n<p>Conform procurorului Stefanie Kaluba, grupul a fost implicat \u00een aproape 20 de infrac\u021biuni \u00een perioada aprilie 2023 &#8211; martie 2024, ac\u021bion\u00e2nd \u00een diverse regiuni din Germania. Prejudiciul total cauzat de furturi se ridic\u0103 la aproape 2 milioane de euro, \u00eens\u0103 daunele aduse infrastructurii sunt mult mai mari.<\/p>\n<p>Infractorii au operat \u00een principal \u00een landul Renania-Palatinat, dar \u0219i \u00een Hessa, Saxonia Inferioar\u0103, Turingia \u0219i Renania de Nord-Westfalia. Fiecare furt a fost atent planificat, iar suspec\u021bii au ac\u021bionat \u00een echipe care s-au schimbat de la un jaf la altul. Cei nou\u0103 acuza\u021bi, cu v\u00e2rste \u00eentre 24 \u0219i 45 de ani, sunt b\u0103nui\u021bi c\u0103 au vizat loca\u021bii izolate, situate \u00een apropierea autostr\u0103zilor, pentru a facilita transportul rapid al bunurilor furate.<\/p>\n<p><a title=\"Bucurestenii, UMILITI de Nicusor Dan si Romprest. Primarul George Tuta: Incercam sa evaluam dimensiunile dezastrului. Lucurile arata foarte rau\" href=\"https:\/\/www.realitatea.net\/stiri\/actual\/bucurestenii-umiliti-de-nicusor-dan-si-romprest-primarul-george-tuta-incercam-sa-evaluam-dimensiunile-dezastrului-lucurile-arata-foarte-rau_67b57110e342ed61ec2cc232\">Bucure\u0219tenii, UMILI\u021aI de Nicu\u0219or Dan \u0219i Romprest. Primarul George Tu\u021b\u0103: \u00cencerc\u0103m s\u0103 evalu\u0103m dimensiunile dezastrului. Lucurile arat\u0103 foarte r\u0103u<\/a><\/p>\n<p>Parcurile solare au fost principalele lor \u021binte. Banda obi\u0219nuia s\u0103 taie gardurile pentru a avea acces la cablurile de cupru, pe care le fura \u00een cantit\u0103\u021bi impresionante. De exemplu, \u00eentr-un singur jaf, la Niersbach, au reu\u0219it s\u0103 extrag\u0103 aproximativ 38 de kilometri de cabluri din instala\u021bii. O alt\u0103 lovitur\u0103, dat\u0103 \u00een Kr\u00f6v, pe r\u00e2ul Mosela, le-a adus 45 de kilometri de cablu, iar \u00een F\u00f6hren au furat 46 de kilometri. Un alt jaf, \u00een localitatea M\u00fcnster-Sarmsheim (districtul Mainz-Bingen), s-a soldat cu furtul a 21 de kilometri de cablu.<\/p>\n<p>Pe l\u00e2ng\u0103 furturile din parcurile solare, banda a dat lovituri \u0219i \u00een hale industriale. Un caz notabil este cel din Diepholz (Saxonia Inferioar\u0103), unde au spart o hal\u0103 apar\u021bin\u00e2nd re\u021belei locale de utilit\u0103\u021bi publice \u0219i au plecat cu cabluri \u00een valoare de aproape 100.000 de euro. De asemenea, \u00een N\u00f6rten-Hardenberg au furat 24 de kilometri de cabluri dintr-un alt parc solar.Modul de operare al grup\u0103rii era simplu, dar eficient: cablurile furate erau transportate rapid \u00een Olanda, unde erau v\u00e2ndute, iar banii erau \u00eemp\u0103r\u021bi\u021bi \u00eentre membrii bandei.Anchetatorii germani suspecteaz\u0103 c\u0103 banda avea mai mul\u021bi membri dec\u00e2t cei nou\u0103 inculpa\u021bi afla\u021bi \u00een prezent \u00een fa\u021ba instan\u021bei, scrie StiriDiaspora. Unele persoane implicate \u00een jafuri nu au fost \u00eenc\u0103 identificate.La prima \u0219edin\u021b\u0103 de judecat\u0103, avoca\u021bii ap\u0103r\u0103rii, procurorii \u0219i completul de judecat\u0103 au intrat \u00een discu\u021bii pentru o posibil\u0103 reducere a duratei procesului. Nu este clar dac\u0103 inculpa\u021bii vor colabora cu autorit\u0103\u021bile pentru a primi pedepse mai u\u0219oare sau dac\u0103 vor contesta acuza\u021biile aduse.<\/p>\n<p><a title=\"Un angajat Romprest arunca zapada pe trotuar: imagini halucinante VIDEO\" href=\"https:\/\/www.realitatea.net\/stiri\/actual\/un-angajat-romprest-arunca-zapada-pe-trotuar-imagini-halucinante-video_67b574241f3efa1a67183ab3\">Un angajat Romprest arunc\u0103 z\u0103pada pe trotuar: imagini halucinante VIDEO<\/a><\/p>","protected":false},"excerpt":{"rendered":"<p>Un grup de rom\u00e2ni a fost adus \u00een fa\u021ba justi\u021biei din Germania, fiind acuzat de&hellip;<\/p>\n","protected":false},"author":0,"featured_media":32844,"comment_status":"open","ping_status":"open","sticky":false,"template":"","format":"standard","meta":{"footnotes":""},"categories":[2],"tags":[],"class_list":["post-32843","post","type-post","status-publish","format-standard","has-post-thumbnail","hentry","category-actual"],"_links":{"self":[{"href":"https:\/\/247stiri.ro\/index.php\/wp-json\/wp\/v2\/posts\/32843","targetHints":{"allow":["GET"]}}],"collection":[{"href":"https:\/\/247stiri.ro\/index.php\/wp-json\/wp\/v2\/posts"}],"about":[{"href":"https:\/\/247stiri.ro\/index.php\/wp-json\/wp\/v2\/types\/post"}],"replies":[{"embeddable":true,"href":"https:\/\/247stiri.ro\/index.php\/wp-json\/wp\/v2\/comments?post=32843"}],"version-history":[{"count":0,"href":"https:\/\/247stiri.ro\/index.php\/wp-json\/wp\/v2\/posts\/32843\/revisions"}],"wp:featuredmedia":[{"embeddable":true,"href":"https:\/\/247stiri.ro\/index.php\/wp-json\/wp\/v2\/media\/32844"}],"wp:attachment":[{"href":"https:\/\/247stiri.ro\/index.php\/wp-json\/wp\/v2\/media?parent=32843"}],"wp:term":[{"taxonomy":"category","embeddable":true,"href":"https:\/\/247stiri.ro\/index.php\/wp-json\/wp\/v2\/categories?post=32843"},{"taxonomy":"post_tag","embeddable":true,"href":"https:\/\/247stiri.ro\/index.php\/wp-json\/wp\/v2\/tags?post=32843"}],"curies":[{"name":"wp","href":"https:\/\/api.w.org\/{rel}","templated":true}]}}