{"id":32861,"date":"2025-02-19T08:48:03","date_gmt":"2025-02-19T08:48:03","guid":{"rendered":"https:\/\/247stiri.ro\/index.php\/2025\/02\/19\/tragedie-in-braila-un-tanar-de-19-ani-s-a-spanzurat-dupa-ce-a-facut-accident-cu-masina-parintilor\/"},"modified":"2025-02-19T08:48:03","modified_gmt":"2025-02-19T08:48:03","slug":"tragedie-in-braila-un-tanar-de-19-ani-s-a-spanzurat-dupa-ce-a-facut-accident-cu-masina-parintilor","status":"publish","type":"post","link":"https:\/\/247stiri.ro\/index.php\/2025\/02\/19\/tragedie-in-braila-un-tanar-de-19-ani-s-a-spanzurat-dupa-ce-a-facut-accident-cu-masina-parintilor\/","title":{"rendered":"Tragedie \u00een Br\u0103ila! Un t\u00e2n\u0103r de 19 ani s-a sp\u00e2nzurat dup\u0103 ce a f\u0103cut ACCIDENT cu ma\u0219ina p\u0103rin\u021bilor"},"content":{"rendered":"<p>Un accident f\u0103r\u0103 victime, dar cu urm\u0103ri dramatice<\/p>\n<p><a href=\"https:\/\/www.realitatea.net\/stiri\/actual\/grav-accident-rutier-in-cluj-un-sofer-de-30-ani-a-murit_67b5917f92ac9970ef348ec2\" target=\"_blank\">Impactul nu a provocat r\u0103ni\u021bi,<\/a> ci doar pagube materiale, arat\u0103 argespress.ro. Conform legisla\u021biei, Sebastian ar fi trebuit s\u0103 se prezinte la Poli\u021bie \u00een termen de 24 de ore pentru a declara accidentul. Speriat de consecin\u021be, a abandonat ma\u0219ina la locul accidentului \u0219i a fugit.<\/p>\n<p>\u00cen jurul orei 02:45, poli\u021bi\u0219tii au descoperit autoturismul avariat \u0219i au \u00eenceput cercet\u0103rile. Potrivit unui comunicat al IPJ Br\u0103ila:<\/p>\n<p>\u201ePoli\u021bi\u0219tii au efectuat verific\u0103ri, f\u0103r\u0103 a fi identificat vreo persoan\u0103 \u00een interiorul autoturismului \u0219i nici \u00een proximitatea acestuia. Oamenii legii s-au deplasat la domiciliul proprietarului autoturismului \u00een cauz\u0103, \u00eens\u0103 nu au putut lua leg\u0103tura cu nicio persoan\u0103.&#8221;<\/p>\n<p>Din nefericire, la scurt timp <a href=\"https:\/\/www.realitatea.net\/stiri\/actual\/coliziune-intre-un-autocar-si-un-utilaj-de-deszapezire-pe-autostrada-a7-traficul-a-fost-intrerupt_67b50239eaed4643b33bfb82\" target=\"_blank\">dup\u0103 acest incident,<\/a> Sebastian a recurs la un gest extrem, l\u0103s\u00e2nd \u00een urm\u0103 o familie \u0219i o comunitate \u00eendurerate. Mama s-a l-a g\u0103sit sp\u00e2nzurat \u00een cas\u0103, \u00een zorii zilei. Cazul este \u00een continuare investigat de autorit\u0103\u021bi.<\/p>\n<p>\u00a0<\/p>","protected":false},"excerpt":{"rendered":"<p>Un accident f\u0103r\u0103 victime, dar cu urm\u0103ri dramatice Impactul nu a provocat r\u0103ni\u021bi, ci doar&hellip;<\/p>\n","protected":false},"author":0,"featured_media":32862,"comment_status":"open","ping_status":"open","sticky":false,"template":"","format":"standard","meta":{"footnotes":""},"categories":[2],"tags":[],"class_list":["post-32861","post","type-post","status-publish","format-standard","has-post-thumbnail","hentry","category-actual"],"_links":{"self":[{"href":"https:\/\/247stiri.ro\/index.php\/wp-json\/wp\/v2\/posts\/32861","targetHints":{"allow":["GET"]}}],"collection":[{"href":"https:\/\/247stiri.ro\/index.php\/wp-json\/wp\/v2\/posts"}],"about":[{"href":"https:\/\/247stiri.ro\/index.php\/wp-json\/wp\/v2\/types\/post"}],"replies":[{"embeddable":true,"href":"https:\/\/247stiri.ro\/index.php\/wp-json\/wp\/v2\/comments?post=32861"}],"version-history":[{"count":0,"href":"https:\/\/247stiri.ro\/index.php\/wp-json\/wp\/v2\/posts\/32861\/revisions"}],"wp:featuredmedia":[{"embeddable":true,"href":"https:\/\/247stiri.ro\/index.php\/wp-json\/wp\/v2\/media\/32862"}],"wp:attachment":[{"href":"https:\/\/247stiri.ro\/index.php\/wp-json\/wp\/v2\/media?parent=32861"}],"wp:term":[{"taxonomy":"category","embeddable":true,"href":"https:\/\/247stiri.ro\/index.php\/wp-json\/wp\/v2\/categories?post=32861"},{"taxonomy":"post_tag","embeddable":true,"href":"https:\/\/247stiri.ro\/index.php\/wp-json\/wp\/v2\/tags?post=32861"}],"curies":[{"name":"wp","href":"https:\/\/api.w.org\/{rel}","templated":true}]}}