{"id":32863,"date":"2025-02-19T08:48:03","date_gmt":"2025-02-19T08:48:03","guid":{"rendered":"https:\/\/247stiri.ro\/index.php\/2025\/02\/19\/administratia-prezidentiala-clarificari-despre-participarea-lui-ilie-bolojan-la-reuniunea-de-la-paris-cine-il-insoteste-la-acest-eveniment\/"},"modified":"2025-02-19T08:48:03","modified_gmt":"2025-02-19T08:48:03","slug":"administratia-prezidentiala-clarificari-despre-participarea-lui-ilie-bolojan-la-reuniunea-de-la-paris-cine-il-insoteste-la-acest-eveniment","status":"publish","type":"post","link":"https:\/\/247stiri.ro\/index.php\/2025\/02\/19\/administratia-prezidentiala-clarificari-despre-participarea-lui-ilie-bolojan-la-reuniunea-de-la-paris-cine-il-insoteste-la-acest-eveniment\/","title":{"rendered":"Administra\u021bia Preziden\u021bial\u0103, clarific\u0103ri despre participarea lui Ilie Bolojan la reuniunea de la Paris. Cine \u00eel \u00eenso\u021be\u0219te la acest eveniment"},"content":{"rendered":"<p>Ilie Bolojan este \u00eenso\u021bit \u00een aceast\u0103 deplasare de Lumini\u021ba Odobescu, consilier preziden\u021bial pentru afaceri europene, un diplomat cu o vast\u0103 experien\u021b\u0103 \u00een rela\u021biile interna\u021bionale. Potrivit Administra\u021biei Preziden\u021biale, cei doi vor reprezenta Rom\u00e2nia \u00een cadrul discu\u021biilor care vor aborda subiecte esen\u021biale, precum:<\/p>\n<p>Consolidarea sprijinului european pentru UcrainaM\u0103suri pentru \u00eent\u0103rirea securit\u0103\u021bii continentuluiStrategii comune de ap\u0103rare \u0219i cooperare \u00eentre statele UE \u0219i NATO<\/p>\n<p><a title=\"Ilie Bolojan: Anul 2025 va fi crucial. Vedem in jurul nostru numeroase forme de agresiune\" href=\"https:\/\/www.realitatea.net\/stiri\/actual\/ilie-bolojan-anul-2025-va-fi-crucial-vedem-in-jurul-nostru-numeroase-forme-de-agresiune_67b470ebb03a2c1b3b7bf4b2\">Ilie Bolojan: Anul 2025 va fi crucial. Vedem \u00een jurul nostru numeroase forme de agresiune<\/a><\/p>\n<p>\u00cent\u00e2lnirea de miercuri face parte dintr-o serie de consult\u0103ri la nivel \u00eenalt privind situa\u021bia din Ucraina \u0219i viitorul securit\u0103\u021bii europene. Prima reuniune a avut loc luni, \u00eentr-un format cunoscut sub numele de Weimar Plus, \u0219i a inclus lideri politici de prim rang, precum:<\/p>\n<p>Charles Michel, pre\u0219edintele Consiliului EuropeanUrsula von der Leyen, pre\u0219edinta Comisiei EuropeneJens Stoltenberg, secretarul general al NATO\u0218efi de stat \u0219i de guvern ai \u021b\u0103rilor europene care joac\u0103 un rol activ \u00een sprijinirea Ucrainei<\/p>\n<p>&#8222;Rom\u00e2nia, \u00een calitatea sa dubl\u0103 &#8211; vecinul european cu cea mai lung\u0103 frontier\u0103 cu Ucraina \u0219i \u021bar\u0103 care a oferit constant \u0219i de la \u00eenceput un sprijin multidimensional, umanitar, economic \u0219i militar \u021b\u0103rii vecine &#8211; are un interes direct \u00een continuarea sus\u021binerii colective europene \u0219i euroatlantice pentru Ucraina, ca r\u0103spuns la r\u0103zboiul brutal \u0219i ilegal de agresiune din partea Federa\u021biei Ruse. Acest lucru a fost transmis clar participan\u021bilor, \u00een primul r\u00e2nd pre\u0219edintelui Fran\u021bei, Emmanuel Macron, prin demersuri diplomatice&#8221;, a precizat MAE, \u00eentr-un comunicat de pres\u0103.Totodat\u0103, a subliniat Ministerul de Externe, Rom\u00e2nia a fost reprezentat\u0103 la reuniune prin intermediul Poloniei, care asigur\u0103 pre\u0219edin\u021bia rotativ\u0103 a Uniunii Europene.&#8221;Formate regionale cum sunt \u0219i cele propuse \u0219i animate de Rom\u00e2nia, de exemplu B9 sau Ini\u021biativa celor 3 M\u0103ri, sunt o practic\u0103 comun\u0103. Rom\u00e2nia a fost informat\u0103 asupra con\u021binutului discu\u021biei. Urmeaz\u0103 noi reuniuni la care Rom\u00e2nia va participa&#8221;, a subliniat MAE.\u00a0<\/p>\n<p><a title=\"Presedintele interimar sfideaza poporul de la palat. Bolojan, somat sa convoace CSAT. Cand se reia turul II? VIDEO\" href=\"https:\/\/www.realitatea.net\/stiri\/actual\/presedintele-interimar-sfideaza-poporul-de-la-palat-bolojan-somat-sa-convoace-csat-cand-se-reia-turul-ii_67b4a2c1a5cd4e5101640be2\">Pre\u0219edintele interimar sfideaz\u0103 poporul de la palat. Bolojan, somat s\u0103 convoace CSAT. C\u00e2nd se reia turul II? VIDEO<\/a><\/p>","protected":false},"excerpt":{"rendered":"<p>Ilie Bolojan este \u00eenso\u021bit \u00een aceast\u0103 deplasare de Lumini\u021ba Odobescu, consilier preziden\u021bial pentru afaceri europene,&hellip;<\/p>\n","protected":false},"author":0,"featured_media":32854,"comment_status":"open","ping_status":"open","sticky":false,"template":"","format":"standard","meta":{"footnotes":""},"categories":[2],"tags":[],"class_list":["post-32863","post","type-post","status-publish","format-standard","has-post-thumbnail","hentry","category-actual"],"_links":{"self":[{"href":"https:\/\/247stiri.ro\/index.php\/wp-json\/wp\/v2\/posts\/32863","targetHints":{"allow":["GET"]}}],"collection":[{"href":"https:\/\/247stiri.ro\/index.php\/wp-json\/wp\/v2\/posts"}],"about":[{"href":"https:\/\/247stiri.ro\/index.php\/wp-json\/wp\/v2\/types\/post"}],"replies":[{"embeddable":true,"href":"https:\/\/247stiri.ro\/index.php\/wp-json\/wp\/v2\/comments?post=32863"}],"version-history":[{"count":0,"href":"https:\/\/247stiri.ro\/index.php\/wp-json\/wp\/v2\/posts\/32863\/revisions"}],"wp:featuredmedia":[{"embeddable":true,"href":"https:\/\/247stiri.ro\/index.php\/wp-json\/wp\/v2\/media\/32854"}],"wp:attachment":[{"href":"https:\/\/247stiri.ro\/index.php\/wp-json\/wp\/v2\/media?parent=32863"}],"wp:term":[{"taxonomy":"category","embeddable":true,"href":"https:\/\/247stiri.ro\/index.php\/wp-json\/wp\/v2\/categories?post=32863"},{"taxonomy":"post_tag","embeddable":true,"href":"https:\/\/247stiri.ro\/index.php\/wp-json\/wp\/v2\/tags?post=32863"}],"curies":[{"name":"wp","href":"https:\/\/api.w.org\/{rel}","templated":true}]}}