{"id":3288,"date":"2024-10-31T08:53:26","date_gmt":"2024-10-31T08:53:26","guid":{"rendered":"https:\/\/247stiri.ro\/index.php\/2024\/10\/31\/accident-grav-pe-centura-aradului-in-apropiere-de-iesirea-spre-nadlac-trei-persoane-ranite-una-incarcerata\/"},"modified":"2024-10-31T08:53:26","modified_gmt":"2024-10-31T08:53:26","slug":"accident-grav-pe-centura-aradului-in-apropiere-de-iesirea-spre-nadlac-trei-persoane-ranite-una-incarcerata","status":"publish","type":"post","link":"https:\/\/247stiri.ro\/index.php\/2024\/10\/31\/accident-grav-pe-centura-aradului-in-apropiere-de-iesirea-spre-nadlac-trei-persoane-ranite-una-incarcerata\/","title":{"rendered":"Accident grav pe centura Aradului, \u00een apropiere de ie\u0219irea spre N\u0103dlac: Trei persoane r\u0103nite, una \u00eencarcerat\u0103"},"content":{"rendered":"<p>Interven\u021bie prompt\u0103 a echipelor de urgen\u021b\u0103<\/p>\n<p>Inspectoratul pentru Situa\u021bii de Urgen\u021b\u0103 (ISU) Arad a transmis imediat informa\u021bii despre accident, preciz\u00e2nd c\u0103 la fa\u021ba locului au intervenit pompierii militari cu o autospecial\u0103 de stingere, o autospecial\u0103 de descarcerare \u0219i o ambulan\u021b\u0103 SMURD de Terapie Intensiv\u0103 Mobil\u0103. De asemenea, Serviciul de Ambulan\u021b\u0103 Jude\u021bean Arad a trimis dou\u0103 echipaje pentru a asigura asisten\u021ba medical\u0103 de urgen\u021b\u0103 necesar\u0103.<\/p>\n<p><a href=\"https:\/\/www.realitatea.net\/stiri\/actual\/fenomen-grav-in-romania-oameni-care-se-arunca-intentionat-in-fata-masinilor-2-pietoni-surprinsi-de-camerele-de-luat-vederi_6722301fadfee125182c1d83\" target=\"_blank\" rel=\"noopener\">\u00cen urma accidentului,<\/a> una dintre victime a fost g\u0103sit\u0103 blocat\u0103 \u00een interiorul autoturismului \u0219i a fost eliberat\u0103 cu ajutorul echipei de descarcerare. Aceasta a fost preluat\u0103 de echipajul de Terapie Intensiv\u0103 Mobil\u0103 al SMURD, fiind stabil\u0103, con\u0219tient\u0103 \u0219i cooperant\u0103. Celelalte dou\u0103 persoane implicate \u00een coliziune erau, de asemenea, con\u0219tiente \u0219i au primit \u00eengrijiri medicale la fa\u021ba locului.<\/p>\n<p><a href=\"https:\/\/www.realitatea.net\/stiri\/actual\/accident-mortal-pe-trecerea-de-pietoni-un-barbat-a-fost-lovit-in-plin_672212e7c07a1b0c470bb582\" target=\"_blank\" rel=\"noopener\">Dup\u0103 evalu\u0103rile medicale preliminare,<\/a> toate cele trei victime au fost transportate la spital pentru investiga\u021bii \u0219i tratament suplimentar, a anun\u021bat ISU Arad.<\/p>","protected":false},"excerpt":{"rendered":"<p>Interven\u021bie prompt\u0103 a echipelor de urgen\u021b\u0103 Inspectoratul pentru Situa\u021bii de Urgen\u021b\u0103 (ISU) Arad a transmis&hellip;<\/p>\n","protected":false},"author":0,"featured_media":3289,"comment_status":"open","ping_status":"open","sticky":false,"template":"","format":"standard","meta":{"footnotes":""},"categories":[2],"tags":[],"class_list":["post-3288","post","type-post","status-publish","format-standard","has-post-thumbnail","hentry","category-actual"],"_links":{"self":[{"href":"https:\/\/247stiri.ro\/index.php\/wp-json\/wp\/v2\/posts\/3288","targetHints":{"allow":["GET"]}}],"collection":[{"href":"https:\/\/247stiri.ro\/index.php\/wp-json\/wp\/v2\/posts"}],"about":[{"href":"https:\/\/247stiri.ro\/index.php\/wp-json\/wp\/v2\/types\/post"}],"replies":[{"embeddable":true,"href":"https:\/\/247stiri.ro\/index.php\/wp-json\/wp\/v2\/comments?post=3288"}],"version-history":[{"count":0,"href":"https:\/\/247stiri.ro\/index.php\/wp-json\/wp\/v2\/posts\/3288\/revisions"}],"wp:featuredmedia":[{"embeddable":true,"href":"https:\/\/247stiri.ro\/index.php\/wp-json\/wp\/v2\/media\/3289"}],"wp:attachment":[{"href":"https:\/\/247stiri.ro\/index.php\/wp-json\/wp\/v2\/media?parent=3288"}],"wp:term":[{"taxonomy":"category","embeddable":true,"href":"https:\/\/247stiri.ro\/index.php\/wp-json\/wp\/v2\/categories?post=3288"},{"taxonomy":"post_tag","embeddable":true,"href":"https:\/\/247stiri.ro\/index.php\/wp-json\/wp\/v2\/tags?post=3288"}],"curies":[{"name":"wp","href":"https:\/\/api.w.org\/{rel}","templated":true}]}}