{"id":32892,"date":"2025-02-19T09:45:23","date_gmt":"2025-02-19T09:45:23","guid":{"rendered":"https:\/\/247stiri.ro\/index.php\/2025\/02\/19\/ilie-bolojan-va-avea-o-intalnire-privata-cu-emmanuel-macron-inaintea-celui-de-al-doilea-summit-de-la-paris-palatul-elysee-a-confirmat-oficial\/"},"modified":"2025-02-19T09:45:23","modified_gmt":"2025-02-19T09:45:23","slug":"ilie-bolojan-va-avea-o-intalnire-privata-cu-emmanuel-macron-inaintea-celui-de-al-doilea-summit-de-la-paris-palatul-elysee-a-confirmat-oficial","status":"publish","type":"post","link":"https:\/\/247stiri.ro\/index.php\/2025\/02\/19\/ilie-bolojan-va-avea-o-intalnire-privata-cu-emmanuel-macron-inaintea-celui-de-al-doilea-summit-de-la-paris-palatul-elysee-a-confirmat-oficial\/","title":{"rendered":"Ilie Bolojan va avea o \u00eent\u00e2lnire privat\u0103 cu Emmanuel Macron \u00eenaintea celui de-al doilea summit de la Paris. Palatul Elysee a confirmat oficial"},"content":{"rendered":"<p>\u00cen acela\u0219i timp, \u00eentr-un interviu acordat mai multor cotidiene regionale, printre care Le Parisien, La Provence \u0219i Sud Ouest, \u0219i ap\u0103rut mar\u021bi, Macron a men\u021bionat &#8216;manipularea&#8217; procesului electoral din Rom\u00e2nia printre ac\u021biunile pentru care Rusia este o &#8216;amenin\u021bare existen\u021bial\u0103 pentru europeni&#8217;.Macron a reunit luni la Paris mai mul\u021bi lideri din \u021b\u0103ri cheie europene, Uniunea European\u0103 \u0219i NATO. Miercuri, va organiza o nou\u0103 \u00eent\u00e2lnire cu &#8216;mai multe state europene \u0219i non-europene&#8217;, cu scopul de a vorbi cu toate cele 27 de \u021b\u0103ri membre ale UE p\u00e2n\u0103 la sf\u00e2r\u0219itul s\u0103pt\u0103m\u00e2nii, a anun\u021bat el \u00een interviu.La \u00eent\u00e2lnirea de luni, premierul britanic Keir Starmer a declarat c\u0103 este preg\u0103tit s\u0103 trimit\u0103 trupe \u00een Ucraina \u00een viitor &#8216;dac\u0103 se ajunge la un acord de pace durabil&#8217;, \u00een timp ce cancelarul german Olaf Scholz a spus c\u0103 dezbaterea este &#8216;prematur\u0103&#8217;.<\/p>\n<p><a title=\"Ilie Bolojan: Anul 2025 va fi crucial. Vedem in jurul nostru numeroase forme de agresiune\" href=\"https:\/\/www.realitatea.net\/stiri\/actual\/ilie-bolojan-anul-2025-va-fi-crucial-vedem-in-jurul-nostru-numeroase-forme-de-agresiune_67b470ebb03a2c1b3b7bf4b2\">Ilie Bolojan: Anul 2025 va fi crucial. Vedem \u00een jurul nostru numeroase forme de agresiune<\/a>\u00cen cadrul discu\u021biei cu presa francez\u0103, Macron a dat asigur\u0103ri c\u0103 &#8216;Fran\u021ba nu se preg\u0103te\u0219te s\u0103 trimit\u0103 trupe terestre, beligerante \u00een conflict, pe front&#8217;, \u00een Ucraina, scrie Agerpres.&#8217;Preocuparea tuturor este c\u0103 o simpl\u0103 \u00eencetare a focului \u00een Ucraina nu ar rezolva \u00een niciun fel conflictul. Doar o pace deplin\u0103, cu condi\u021bii de securitate, condi\u021bii de stabilitate social\u0103, economic\u0103 \u0219i politic\u0103 de durat\u0103 \u00een Ucraina, va permite solu\u021bionarea acestuia&#8217;, a explicat Macron \u00een interviu.Printre solu\u021biile de a oferi garan\u021bii de securitate Kievului \u00een cadrul unui eventual acord de pace cu Moscova ar fi posibil\u0103 &#8216;trimiterea de exper\u021bi sau chiar trupe \u00een termeni limita\u021bi, \u00een afara oric\u0103rei zone de conflict, pentru a-i consola pe ucraineni \u0219i a transmite solidaritate. La asta ne g\u00e2ndim cu britanicii&#8217;, a spus el.Dar &#8216;Fran\u021ba nu se preg\u0103te\u0219te s\u0103 trimit\u0103 trupe terestre, beligerante \u00een conflict, pe front&#8217;, a mai dat asigur\u0103ri Macron.El a amintit c\u0103 o alt\u0103 posibilitate era &#8216;aderarea la NATO&#8217; a Ucrainei, despre care Rusia nici nu vrea s\u0103 aud\u0103 \u0219i pe care pre\u0219edintele american Donald Trump a exclus-o deja \u00eenainte de a negocia.<\/p>\n<p><a title=\"Presedintele interimar sfideaza poporul de la palat. Bolojan, somat sa convoace CSAT. Cand se reia turul II? VIDEO\" href=\"https:\/\/www.realitatea.net\/stiri\/actual\/presedintele-interimar-sfideaza-poporul-de-la-palat-bolojan-somat-sa-convoace-csat-cand-se-reia-turul-ii_67b4a2c1a5cd4e5101640be2\">Pre\u0219edintele interimar sfideaz\u0103 poporul de la palat. Bolojan, somat s\u0103 convoace CSAT. C\u00e2nd se reia turul II? VIDEO<\/a>Macron recunoa\u0219te c\u0103 europenii doresc, \u00een spatele garan\u021biilor lor de securitate viitoare c\u0103tre Kiev, s\u0103 existe sprijin din partea Washingtonului. &#8216;Av\u00e2nd \u00een vedere c\u0103 Rusia este un stat cu capacitate nuclear\u0103, pentru partenerii europeni acesta este un punct cheie&#8217;, a recunoscut el \u00een interviu.El a men\u021bionat, de asemenea, posibilitatea &#8216;de a decide \u00een cadrul negocierilor de a avea, sub mandatul Na\u021biunilor Unite, o opera\u021biune de men\u021binere a p\u0103cii, care s\u0103 se desf\u0103\u0219oare \u00een prima linie&#8217;.\u00cen timp ce reluarea dialogului direct \u00eentre Donald Trump \u0219i omologul s\u0103u rus Vladimir Putin, s\u0103pt\u0103m\u00e2na trecut\u0103, a deconcertat mul\u021bi europeni, iar amenin\u021barea unor negocieri \u00eentre ei \u0219i f\u0103r\u0103 Europa asupra Ucrainei se profileaz\u0103, Macron spune c\u0103 vede aspectul pozitiv.Donald Trump &#8216;poate relua un dialog util cu pre\u0219edintele Putin&#8217;, a spus \u0219eful statului francez. &#8216;El creeaz\u0103 o ambiguitate strategic\u0103 pentru pre\u0219edintele Putin&#8217; folosind &#8216;cuvinte foarte puternice&#8217; \u0219i cre\u00e2nd &#8216;incertitudine&#8217; care &#8216;poate ajuta la exercitarea presiunii asupra lui&#8217;, a ad\u0103ugat Macron, d\u00e2nd asigur\u0103ri c\u0103 el \u00eensu\u0219i este gata s\u0103 vorbeasc\u0103 cu omologul s\u0103u rus &#8216;oric\u00e2nd este oportun \u00een urm\u0103toarea rund\u0103 de negocieri&#8217;.Liderul de la Elysee s-a ar\u0103tat totodat\u0103 foarte critic fa\u021b\u0103 de Rusia lui Vladimir Putin, care &#8216;constituie o amenin\u021bare existen\u021bial\u0103 pentru europeni, av\u00e2nd \u00een vedere ac\u021biunile pe care le \u00eentreprinde \u00een diverse domenii&#8217;.El a enumerat ac\u021biunile Rusiei &#8216;la grani\u021ba polonez\u0103, atacurile sale cibernetice \u00een toate \u021b\u0103rile noastre, prin atentate, ca \u00een Marea Britanie, prin manipulare de informa\u021bii sau procese electorale, ca \u00een Rom\u00e2nia, prin amenin\u021b\u0103rile sale explicite prin doctrina nuclear\u0103&#8217;, conform Liberation.\u00a0<\/p>\n<p><a title=\"Administratia Prezidentiala, clarificari despre participarea lui Ilie Bolojan la reuniunea de la Paris. Cine il insoteste la acest eveniment\" href=\"https:\/\/www.realitatea.net\/stiri\/actual\/ilie-bolojan-a-plecat-oficial-la-paris-pentru-a-participa-la-reuniunea-dedicata-ucrainei-cine-il-insoteste-la-acest-eveniment_67b597153ee27569c337ac4c\">Administra\u021bia Preziden\u021bial\u0103, clarific\u0103ri despre participarea lui Ilie Bolojan la reuniunea de la Paris. Cine \u00eel \u00eenso\u021be\u0219te la acest eveniment<\/a><\/p>","protected":false},"excerpt":{"rendered":"<p>\u00cen acela\u0219i timp, \u00eentr-un interviu acordat mai multor cotidiene regionale, printre care Le Parisien, La&hellip;<\/p>\n","protected":false},"author":0,"featured_media":32881,"comment_status":"open","ping_status":"open","sticky":false,"template":"","format":"standard","meta":{"footnotes":""},"categories":[2],"tags":[],"class_list":["post-32892","post","type-post","status-publish","format-standard","has-post-thumbnail","hentry","category-actual"],"_links":{"self":[{"href":"https:\/\/247stiri.ro\/index.php\/wp-json\/wp\/v2\/posts\/32892","targetHints":{"allow":["GET"]}}],"collection":[{"href":"https:\/\/247stiri.ro\/index.php\/wp-json\/wp\/v2\/posts"}],"about":[{"href":"https:\/\/247stiri.ro\/index.php\/wp-json\/wp\/v2\/types\/post"}],"replies":[{"embeddable":true,"href":"https:\/\/247stiri.ro\/index.php\/wp-json\/wp\/v2\/comments?post=32892"}],"version-history":[{"count":0,"href":"https:\/\/247stiri.ro\/index.php\/wp-json\/wp\/v2\/posts\/32892\/revisions"}],"wp:featuredmedia":[{"embeddable":true,"href":"https:\/\/247stiri.ro\/index.php\/wp-json\/wp\/v2\/media\/32881"}],"wp:attachment":[{"href":"https:\/\/247stiri.ro\/index.php\/wp-json\/wp\/v2\/media?parent=32892"}],"wp:term":[{"taxonomy":"category","embeddable":true,"href":"https:\/\/247stiri.ro\/index.php\/wp-json\/wp\/v2\/categories?post=32892"},{"taxonomy":"post_tag","embeddable":true,"href":"https:\/\/247stiri.ro\/index.php\/wp-json\/wp\/v2\/tags?post=32892"}],"curies":[{"name":"wp","href":"https:\/\/api.w.org\/{rel}","templated":true}]}}