{"id":32915,"date":"2025-02-19T10:46:52","date_gmt":"2025-02-19T10:46:52","guid":{"rendered":"https:\/\/247stiri.ro\/index.php\/2025\/02\/19\/provocare-inedita-baie-in-mare-pe-viscol\/"},"modified":"2025-02-19T10:46:52","modified_gmt":"2025-02-19T10:46:52","slug":"provocare-inedita-baie-in-mare-pe-viscol","status":"publish","type":"post","link":"https:\/\/247stiri.ro\/index.php\/2025\/02\/19\/provocare-inedita-baie-in-mare-pe-viscol\/","title":{"rendered":"Provocare inedit\u0103: baie \u00een mare pe VISCOL"},"content":{"rendered":"<p>Baie \u00een mare pe VISCOL<\/p>\n<p><a href=\"https:\/\/www.realitatea.net\/stiri\/actual\/romanii-au-acceptat-provocarea-intra-cu-picioarele-in-zapada_67b5ab1249bec807ff04ae92\" target=\"_blank\">Dup\u0103 ce \u0219i-au f\u0103cut \u00eenc\u0103lzirea<\/a> pe nisip, \u00eembr\u0103ca\u021bi doar \u00een pantaloni scur\u021bi, cei patru b\u0103rba\u021bi au intrat timp de 15 minute s\u0103 \u00eenoate \u00een apa m\u0103rii rece ca ghea\u021ba. Trec\u0103torii care i-au privit de pe faleza Cazinoului au r\u0103mas uimi\u021bi de gestul lor.<\/p>\n<p>\u201eNu \u021binem cont de cod galben, de rosu, noi intr\u0103m \u00een fiecare zi \u0219i vrem s\u0103 ducem la bun sf\u00e2r\u0219it provocarea noastr\u0103. Este rece&#8230; asta e&#8230; \u0219i ideea sim\u021bim recele, ne place s\u0103 fie rece.\u201d, a transmis Salim Ferudin.<\/p>\n<p>Nu este prima dat\u0103 c\u00e2nd grupul de b\u0103rba\u021bi alege s\u0103 fac\u0103 gestul inedit. Provocarea reprezinta pentru ei un ritual \u0219i o fac an de an.<\/p>\n<p>\u201eCred c\u0103 apa are 0 grade. E posibil s\u0103 fie pentru ei benefic, pentru unii este&#8230; pentru al\u021bii nu. Eu unu nu m-a\u0219 b\u0103ga.\u201d, spun oamenii.<\/p>\n<p>Pe alt\u0103 plaj\u0103, un alt t\u00e2n\u0103r \u0219i-a testat rezisten\u021ba la frig \u0219i a f\u0103cut baie \u00een mare <a href=\"https:\/\/www.realitatea.net\/stiri\/sport\/cristiano-ronaldo-aparitie-spectaculoasa-in-laponia-baie-in-aer-liber-la-temperaturi-sub-zero-grade_676c0e2d8a07eb28962c806a\" target=\"_blank\">\u00een timp ce afara ningea.\u00a0<\/a><\/p>","protected":false},"excerpt":{"rendered":"<p>Baie \u00een mare pe VISCOL Dup\u0103 ce \u0219i-au f\u0103cut \u00eenc\u0103lzirea pe nisip, \u00eembr\u0103ca\u021bi doar \u00een&hellip;<\/p>\n","protected":false},"author":0,"featured_media":32916,"comment_status":"open","ping_status":"open","sticky":false,"template":"","format":"standard","meta":{"footnotes":""},"categories":[2],"tags":[],"class_list":["post-32915","post","type-post","status-publish","format-standard","has-post-thumbnail","hentry","category-actual"],"_links":{"self":[{"href":"https:\/\/247stiri.ro\/index.php\/wp-json\/wp\/v2\/posts\/32915","targetHints":{"allow":["GET"]}}],"collection":[{"href":"https:\/\/247stiri.ro\/index.php\/wp-json\/wp\/v2\/posts"}],"about":[{"href":"https:\/\/247stiri.ro\/index.php\/wp-json\/wp\/v2\/types\/post"}],"replies":[{"embeddable":true,"href":"https:\/\/247stiri.ro\/index.php\/wp-json\/wp\/v2\/comments?post=32915"}],"version-history":[{"count":0,"href":"https:\/\/247stiri.ro\/index.php\/wp-json\/wp\/v2\/posts\/32915\/revisions"}],"wp:featuredmedia":[{"embeddable":true,"href":"https:\/\/247stiri.ro\/index.php\/wp-json\/wp\/v2\/media\/32916"}],"wp:attachment":[{"href":"https:\/\/247stiri.ro\/index.php\/wp-json\/wp\/v2\/media?parent=32915"}],"wp:term":[{"taxonomy":"category","embeddable":true,"href":"https:\/\/247stiri.ro\/index.php\/wp-json\/wp\/v2\/categories?post=32915"},{"taxonomy":"post_tag","embeddable":true,"href":"https:\/\/247stiri.ro\/index.php\/wp-json\/wp\/v2\/tags?post=32915"}],"curies":[{"name":"wp","href":"https:\/\/api.w.org\/{rel}","templated":true}]}}