{"id":32946,"date":"2025-02-19T11:45:32","date_gmt":"2025-02-19T11:45:32","guid":{"rendered":"https:\/\/247stiri.ro\/index.php\/2025\/02\/19\/tragedie-pe-o-sosea-din-romania-o-vedeta-a-murit-la-30-de-ani-in-urma-unui-accident-rutier\/"},"modified":"2025-02-19T11:45:32","modified_gmt":"2025-02-19T11:45:32","slug":"tragedie-pe-o-sosea-din-romania-o-vedeta-a-murit-la-30-de-ani-in-urma-unui-accident-rutier","status":"publish","type":"post","link":"https:\/\/247stiri.ro\/index.php\/2025\/02\/19\/tragedie-pe-o-sosea-din-romania-o-vedeta-a-murit-la-30-de-ani-in-urma-unui-accident-rutier\/","title":{"rendered":"Tragedie pe o \u0219osea din Rom\u00e2nia: o vedet\u0103 a MURIT la 30 de ani \u00een urma unui accident rutier"},"content":{"rendered":"<p>Cum s-a produs accidentul rutier DEVASTATOR<\/p>\n<p>Vestea mor\u021bii lui Andrei Perne\u0219 a fost confirmat\u0103 de na\u0219ul s\u0103u, care a m\u0103rturisit c\u0103 <a href=\"https:\/\/www.realitatea.net\/stiri\/actual\/grav-accident-rutier-in-cluj-un-sofer-de-30-ani-a-murit_67b5917f92ac9970ef348ec2\" target=\"_blank\">familia a fost anun\u021bat\u0103<\/a> de poli\u021bie, conform unui site monden.<\/p>\n<p>Andrei Perne\u0219 a participat la sezonul 5 al emisiunii unei emisiuni televizate, unde a format un cuplu cu Sabrina. Rela\u021bia lor a continuat \u0219i dup\u0103 \u00eencheierea competi\u021biei, \u00eens\u0103, \u00een cele din urm\u0103, cei doi au ales drumuri separate. Dup\u0103 desp\u0103r\u021bire, Andrei s-a concentrat pe carier\u0103, iar fanii au continuat s\u0103 \u00eei urm\u0103reasc\u0103 activitatea.<\/p>\n<p><a href=\"https:\/\/www.realitatea.net\/stiri\/actual\/tragedie-in-braila-un-tanar-de-19-ani-sa-spanzurat-dupa-ce-a-facut-accident-cu-masina-parintilor_67b599cfcf97297bdc541cfd\" target=\"_blank\">Impactul violent<\/a> a fost at\u00e2t de puternic \u00eenc\u00e2t localnicii au fost alerta\u021bi de zgomotul puternic al accidentului, arat\u0103 ziartopdearges.com. Ace\u0219tia au ie\u0219it imediat din case \u0219i au apelat num\u0103rul de urgen\u021b\u0103 112, sper\u00e2nd \u00eentr-o interven\u021bie rapid\u0103 a echipajelor de salvare.<\/p>\n<p>La fa\u021ba locului au ajuns \u00een scurt timp echipajele de prim-ajutor \u0219i poli\u021bia, \u00eens\u0103, din p\u0103cate, medicii nu au mai putut face nimic pentru a-i salva via\u021ba t\u00e2n\u0103rului.<\/p>\n<p>\u00a0Fostul concurent a r\u0103mas \u00een amintirea sus\u021bin\u0103torilor s\u0103i, fiind apreciat pentru autenticitatea \u0219i energia sa.<\/p>\n<p>\u00a0<\/p>","protected":false},"excerpt":{"rendered":"<p>Cum s-a produs accidentul rutier DEVASTATOR Vestea mor\u021bii lui Andrei Perne\u0219 a fost confirmat\u0103 de&hellip;<\/p>\n","protected":false},"author":0,"featured_media":32947,"comment_status":"open","ping_status":"open","sticky":false,"template":"","format":"standard","meta":{"footnotes":""},"categories":[2],"tags":[],"class_list":["post-32946","post","type-post","status-publish","format-standard","has-post-thumbnail","hentry","category-actual"],"_links":{"self":[{"href":"https:\/\/247stiri.ro\/index.php\/wp-json\/wp\/v2\/posts\/32946","targetHints":{"allow":["GET"]}}],"collection":[{"href":"https:\/\/247stiri.ro\/index.php\/wp-json\/wp\/v2\/posts"}],"about":[{"href":"https:\/\/247stiri.ro\/index.php\/wp-json\/wp\/v2\/types\/post"}],"replies":[{"embeddable":true,"href":"https:\/\/247stiri.ro\/index.php\/wp-json\/wp\/v2\/comments?post=32946"}],"version-history":[{"count":0,"href":"https:\/\/247stiri.ro\/index.php\/wp-json\/wp\/v2\/posts\/32946\/revisions"}],"wp:featuredmedia":[{"embeddable":true,"href":"https:\/\/247stiri.ro\/index.php\/wp-json\/wp\/v2\/media\/32947"}],"wp:attachment":[{"href":"https:\/\/247stiri.ro\/index.php\/wp-json\/wp\/v2\/media?parent=32946"}],"wp:term":[{"taxonomy":"category","embeddable":true,"href":"https:\/\/247stiri.ro\/index.php\/wp-json\/wp\/v2\/categories?post=32946"},{"taxonomy":"post_tag","embeddable":true,"href":"https:\/\/247stiri.ro\/index.php\/wp-json\/wp\/v2\/tags?post=32946"}],"curies":[{"name":"wp","href":"https:\/\/api.w.org\/{rel}","templated":true}]}}