{"id":32960,"date":"2025-02-19T12:44:53","date_gmt":"2025-02-19T12:44:53","guid":{"rendered":"https:\/\/247stiri.ro\/index.php\/2025\/02\/19\/nunta-mare-in-showbiz-mihai-albu-se-casatoreste-cu-un-celebru-medic-cardiolog\/"},"modified":"2025-02-19T12:44:53","modified_gmt":"2025-02-19T12:44:53","slug":"nunta-mare-in-showbiz-mihai-albu-se-casatoreste-cu-un-celebru-medic-cardiolog","status":"publish","type":"post","link":"https:\/\/247stiri.ro\/index.php\/2025\/02\/19\/nunta-mare-in-showbiz-mihai-albu-se-casatoreste-cu-un-celebru-medic-cardiolog\/","title":{"rendered":"Nunt\u0103 mare \u00een showbiz! Mihai Albu se c\u0103s\u0103tore\u0219te cu un celebru medic cardiolog"},"content":{"rendered":"<p>Cei doi vor spune \u201eDa\u201d \u00een aceast\u0103 prim\u0103var\u0103, \u00eentr-o ceremonie organizat\u0103 \u00eentr-un cadru elegant din Bucure\u0219ti, arat\u0103 <a href=\"https:\/\/click.ro\/vedete\/vedete-romanesti\/mihai-albu-se-insoara-cu-iubita-doctorita-nu-va-2423046.html\" target=\"_blank\">click.ro.<\/a><\/p>\n<p>O poveste de dragoste n\u0103scut\u0103 \u00een vremuri grele<\/p>\n<p><a href=\"https:\/\/www.realitatea.net\/stiri\/monden\/care-este-starea-de-sanatate-a-lui-mihai-albu-dupa-ce-a-fost-operat-de-cancer-ce-spun-rezultatele-ultimelor-analize_66b218d31588725c83576e82\" target=\"_blank\">Mihai Albu \u0219i viitoarea sa so\u021bie<\/a>, Elena, au trecut \u00eempreun\u0103 prin momente dificile, mai ales dup\u0103 ce designerul a fost diagnosticat \u00een 2024 cu cancer la prostat\u0103. \u00cen ciuda provoc\u0103rilor, rela\u021bia lor s-a consolidat, iar acum sunt preg\u0103ti\u021bi s\u0103 \u00ee\u0219i uneasc\u0103 destinele.<\/p>\n<p>Nunta, organizat\u0103 \u00eentr-un centru de evenimente din Bucure\u0219ti<\/p>\n<p>De\u0219i s-a zvonit c\u0103 petrecerea va avea loc la Palatul Snagov, Mihai Albu a clarificat c\u0103 evenimentul va fi organizat \u00eentr-un alt loc select din Capital\u0103. Cununia civil\u0103 \u0219i cea religioas\u0103 nu vor fi \u00een aceea\u0219i zi, iar na\u0219ii vor fi persoane din lumea monden\u0103, dar r\u0103m\u00e2n, deocamdat\u0103, o surpriz\u0103.<\/p>\n<p>Elena Nechifor va prelua numele de familie al so\u021bului s\u0103u, dar designerul subliniaz\u0103 c\u0103 nu o consider\u0103 \u201ea doua doamn\u0103 Albu\u201d, ci \u201eadev\u0103rata doamn\u0103 Albu\u201d.<\/p>\n<p>\u201eA doua c\u0103s\u0103torie trebuie s\u0103 fie cu noroc. Nu va fi o nunt\u0103 tradi\u021bional\u0103, nu cred c\u0103 se va fura mireasa, iar num\u0103rul invita\u021bilor va fi \u00een jur de 150\u201d, a mai dezv\u0103luit designerul pentru sursa amintit\u0103 mai sus.<\/p>\n<p>Un subiect de interes este \u0219i prezen\u021ba fiicei sale, Mikaela, la eveniment. Designerul a confirmat c\u0103 t\u00e2n\u0103ra a fost invitat\u0103 \u0219i sper\u0103 s\u0103 participe.<\/p>\n<p>\u201eFiica mea va fi invitat\u0103, cu siguran\u021b\u0103. M-a\u0219 bucura s\u0103 vin\u0103, noi o a\u0219tept\u0103m cu drag\u201d, a spus Mihai Albu.<\/p>\n<p>Mikaela locuie\u0219te al\u0103turi de mama ei, Iulia Albu, \u0219i de partenerul acesteia, \u00eens\u0103 men\u021bine o rela\u021bie apropiat\u0103 cu tat\u0103l s\u0103u.<\/p>\n<p>Regretul legat de numele fostei so\u021bii<\/p>\n<p><a href=\"https:\/\/www.realitatea.net\/stiri\/monden\/iulia-si-mihai-albu-din-nou-la-cutite-acuzatiile-uluitoare-aduse-de-creatoarea-de-moda-designerului-de-pantofi_66816ca89ee5ad52673c71f3\" target=\"_blank\">Mihai Albu a vorbit<\/a> \u0219i despre decizia Iuliei Albu de a p\u0103stra numele s\u0103u de familie dup\u0103 divor\u021b, o alegere pe care acum o prive\u0219te cu regret.<\/p>\n<p>\u201eNu e bine s\u0103 la\u0219i fostei so\u021bii numele t\u0103u, mai ales dac\u0103 se va rec\u0103s\u0103tori. La momentul respectiv am fost de acord, dar acum m\u0103 \u00eentreb de ce mi-a cerut acest lucru. Din p\u0103cate, odat\u0103 stabilit la notar, nu mai pot schimba nimic\u201d, a explicat designerul.<\/p>\n<p>\u00cen ciuda trecutului, Mihai Albu prive\u0219te cu optimism c\u0103tre viitor \u0219i se preg\u0103te\u0219te pentru o nou\u0103 etap\u0103 al\u0103turi de femeia care i-a fost al\u0103turi \u00een cele mai grele momente.<\/p>","protected":false},"excerpt":{"rendered":"<p>Cei doi vor spune \u201eDa\u201d \u00een aceast\u0103 prim\u0103var\u0103, \u00eentr-o ceremonie organizat\u0103 \u00eentr-un cadru elegant din&hellip;<\/p>\n","protected":false},"author":0,"featured_media":32961,"comment_status":"open","ping_status":"open","sticky":false,"template":"","format":"standard","meta":{"footnotes":""},"categories":[8],"tags":[],"class_list":["post-32960","post","type-post","status-publish","format-standard","has-post-thumbnail","hentry","category-lifestyle"],"_links":{"self":[{"href":"https:\/\/247stiri.ro\/index.php\/wp-json\/wp\/v2\/posts\/32960","targetHints":{"allow":["GET"]}}],"collection":[{"href":"https:\/\/247stiri.ro\/index.php\/wp-json\/wp\/v2\/posts"}],"about":[{"href":"https:\/\/247stiri.ro\/index.php\/wp-json\/wp\/v2\/types\/post"}],"replies":[{"embeddable":true,"href":"https:\/\/247stiri.ro\/index.php\/wp-json\/wp\/v2\/comments?post=32960"}],"version-history":[{"count":0,"href":"https:\/\/247stiri.ro\/index.php\/wp-json\/wp\/v2\/posts\/32960\/revisions"}],"wp:featuredmedia":[{"embeddable":true,"href":"https:\/\/247stiri.ro\/index.php\/wp-json\/wp\/v2\/media\/32961"}],"wp:attachment":[{"href":"https:\/\/247stiri.ro\/index.php\/wp-json\/wp\/v2\/media?parent=32960"}],"wp:term":[{"taxonomy":"category","embeddable":true,"href":"https:\/\/247stiri.ro\/index.php\/wp-json\/wp\/v2\/categories?post=32960"},{"taxonomy":"post_tag","embeddable":true,"href":"https:\/\/247stiri.ro\/index.php\/wp-json\/wp\/v2\/tags?post=32960"}],"curies":[{"name":"wp","href":"https:\/\/api.w.org\/{rel}","templated":true}]}}