{"id":32967,"date":"2025-02-19T12:44:57","date_gmt":"2025-02-19T12:44:57","guid":{"rendered":"https:\/\/247stiri.ro\/index.php\/2025\/02\/19\/legea-care-da-unda-verde-pentru-doborarea-dronelor-si-avioanelor-neautorizate-adoptata-de-camera-deputatilor\/"},"modified":"2025-02-19T12:44:57","modified_gmt":"2025-02-19T12:44:57","slug":"legea-care-da-unda-verde-pentru-doborarea-dronelor-si-avioanelor-neautorizate-adoptata-de-camera-deputatilor","status":"publish","type":"post","link":"https:\/\/247stiri.ro\/index.php\/2025\/02\/19\/legea-care-da-unda-verde-pentru-doborarea-dronelor-si-avioanelor-neautorizate-adoptata-de-camera-deputatilor\/","title":{"rendered":"Legea care d\u0103 und\u0103 verde pentru dobor\u00e2rea dronelor \u0219i avioanelor neautorizate, adoptat\u0103 de Camera Deputa\u021bilor"},"content":{"rendered":"<p>P\u00e2n\u0103 \u00een prezent, cadrul legal din Rom\u00e2nia nu permitea for\u021belor armate s\u0103 intervin\u0103 eficient \u00eempotriva aeronavelor neautorizate \u00een perioade de pace, limit\u00e2nd capacitatea de reac\u021bie la poten\u021biale amenin\u021b\u0103ri.<\/p>\n<p>Generalul Gheorghi\u021b\u0103 Vlad, \u0219eful Statului Major al Ap\u0103r\u0103rii, a subliniat anterior aceast\u0103 lacun\u0103 legislativ\u0103, eviden\u021biind c\u0103, f\u0103r\u0103 o stare de urgen\u021b\u0103 declarat\u0103, armata nu putea desf\u0103\u0219ura opera\u021biuni de lupt\u0103 pe teritoriul na\u021bional. Aceast\u0103 situa\u021bie a fost considerat\u0103 inacceptabil\u0103, av\u00e2nd \u00een vedere riscurile cresc\u00e2nde la adresa securit\u0103\u021bii na\u021bionale.<\/p>\n<p>Ini\u021biativa legislativ\u0103 are ca obiect de reglementare m\u0103suri pentru controlul utiliz\u0103rii spa\u021biului aerian na\u021bional, stabilind autorit\u0103\u021bile \u0219i institu\u021biile care au competen\u021be \u00een luarea m\u0103surilor de prevenire \u0219i contracarare a utiliz\u0103rii spa\u021biului aerian na\u021bional de c\u0103tre aeronave, sisteme de aeronave f\u0103r\u0103 pilot la bord \u0219i alte vehicule aeriene. Astfel, se va crea un nou cadru de cooperare \u0219i coordonare la nivelul autorit\u0103\u021bilor \u0219i institu\u021biilor care au competen\u021be \u00een gestionarea \u0219i monitorizarea spa\u021biului aerian na\u021bional, precum \u0219i de asigurare a respect\u0103rii regulilor de utilizare a acestuia, ceea ce contribuie la cre\u0219terea siguran\u021bei \u0219i securit\u0103\u021bii avia\u021biei.<\/p>\n<p>Potrivit unui amendament, se constituie situa\u021bii \u00een care o aeronav\u0103 utilizeaz\u0103 neautorizat spa\u021biul aerian na\u021bional \u0219i urm\u0103toarele:<\/p>\n<p>-unit\u0103\u021bile de trafic aerian sau serviciile militare de supraveghere \u0219i control utilizare spa\u021biu aerian primesc informa\u021bii referitoare la producerea unui act de interven\u021bie ilicit\u0103 la bordul aeronavei, chiar dac\u0103 se respect\u0103 autorizarea primit\u0103;<\/p>\n<p>-unit\u0103\u021bile de trafic aerian sau serviciile militare de supraveghere \u0219i control utilizare spa\u021biu aerian primesc informa\u021bii referitoare la existen\u021ba la bordul aeronavei a unor substan\u021be sau materiale periculoase, care ar putea fi folosite \u00eentr-un act de terorism;<\/p>\n<p>&#8211; unit\u0103\u021bile de trafic aerian sau serviciile militare de supraveghere \u0219i control utilizare spa\u021biu aerian primesc informa\u021bii cu privire la existen\u021ba la bordul aeronavei a unor bunuri sau persoane care, conform obliga\u021biilor, angajamentelor asumate de Rom\u00e2nia prin tratatele interna\u021bionale la care este parte sau sanc\u021biunilor interna\u021bionale instituite prin actele prev\u0103zute la art. 1 alin. (1) din OUG nr. 202\/2008 privind punerea \u00een aplicare a sanc\u021biunilor interna\u021bionale, aprobat\u0103 cu modific\u0103ri prin Legea nr. 217\/2009, cu modific\u0103rile \u0219i complet\u0103rile ulterioare, fac obiectul unor restric\u021bii privind utilizarea spa\u021biului aerian na\u021bional.<\/p>\n<p><a title='Romania isi rezerva dreptul \"sa ia masurile de raspuns care se impun\" dupa ce drone rusesti s-au prabusit in Romania - MAE' href=\"https:\/\/www.realitatea.net\/stiri\/actual\/romania-isi-rezerva-dreptul-sa-ia-masurile-de-raspuns-care-se-impun-dupa-ce-drone-rusesti-sau-prabusite-in-romania-mae_67ae3ff52d947d429536f8e4\">Rom\u00e2nia \u00ee\u0219i rezerv\u0103 dreptul &#8222;s\u0103 ia m\u0103surile de r\u0103spuns care se impun&#8221; dup\u0103 ce drone ruse\u0219ti s-au pr\u0103bu\u0219it \u00een Rom\u00e2nia &#8211; MAE<\/a>Persoanele de drept public \u0219i privat care au \u00een proprietate, opereaz\u0103 sau administreaz\u0103 obiective care necesit\u0103 m\u0103suri de protec\u021bie contra amenin\u021b\u0103rilor specifice sistemelor de aeronave f\u0103r\u0103 pilot la bord au obliga\u021bia de a implementa \u0219i de a men\u021bine m\u0103suri de protec\u021bie a acestor obiective, prevede un alt amendament.Potrivit proiectului, prin hot\u0103r\u00e2re a Consiliului Suprem de Ap\u0103rare a \u021a\u0103rii se stabilesc:<\/p>\n<p>-obiectivele care necesit\u0103 m\u0103suri de protec\u021bie contra amenin\u021b\u0103rilor specifice sistemelor de aeronave f\u0103r\u0103 pilot la bord prev\u0103zute \u00een proiect;<\/p>\n<p>-cerin\u021bele tehnice generale ale echipamentelor \u0219i sistemelor prev\u0103zute, la propunerea structurilor din sistemul na\u021bional de ap\u0103rare, ordine public\u0103 \u0219i securitate na\u021bional\u0103.<\/p>\n<p>Dup\u0103 adoptarea \u00een Camera Deputa\u021bilor, proiectul de lege urmeaz\u0103 s\u0103 fie supus votului \u00een Senat, care are rol decizional \u00een acest proces legislativ. Ulterior, pentru a intra \u00een vigoare, legea trebuie promulgat\u0103 de pre\u0219edintele interimar Ilie Bolojan. Implementarea acestei legi va oferi for\u021belor armate rom\u00e2ne instrumentele necesare pentru a r\u0103spunde prompt \u0219i eficient la orice \u00eenc\u0103lcare a spa\u021biului aerian na\u021bional, consolid\u00e2nd astfel securitatea \u0219i integritatea teritorial\u0103 a Rom\u00e2niei.<\/p>\n<p><a title=\"Atac rusesc langa granita Romaniei: mesaj RO-ALERT pentru zona de nord a judetului Tulcea. Anuntul MApN pentru populatie\" href=\"https:\/\/www.realitatea.net\/stiri\/actual\/atac-rusesc-langa-granita-romaniei-mesaj-roalert-pentru-zona-de-nord-a-judetului-tulcea-anuntul-mapn-pentru-populatie_67b2c96031664275254da1a2\">Atac rusesc l\u00e2ng\u0103 grani\u021ba Rom\u00e2niei: mesaj RO-ALERT pentru zona de nord a jude\u021bului Tulcea. Anun\u021bul MApN pentru popula\u021bie<\/a><\/p>","protected":false},"excerpt":{"rendered":"<p>P\u00e2n\u0103 \u00een prezent, cadrul legal din Rom\u00e2nia nu permitea for\u021belor armate s\u0103 intervin\u0103 eficient \u00eempotriva&hellip;<\/p>\n","protected":false},"author":0,"featured_media":32968,"comment_status":"open","ping_status":"open","sticky":false,"template":"","format":"standard","meta":{"footnotes":""},"categories":[2],"tags":[],"class_list":["post-32967","post","type-post","status-publish","format-standard","has-post-thumbnail","hentry","category-actual"],"_links":{"self":[{"href":"https:\/\/247stiri.ro\/index.php\/wp-json\/wp\/v2\/posts\/32967","targetHints":{"allow":["GET"]}}],"collection":[{"href":"https:\/\/247stiri.ro\/index.php\/wp-json\/wp\/v2\/posts"}],"about":[{"href":"https:\/\/247stiri.ro\/index.php\/wp-json\/wp\/v2\/types\/post"}],"replies":[{"embeddable":true,"href":"https:\/\/247stiri.ro\/index.php\/wp-json\/wp\/v2\/comments?post=32967"}],"version-history":[{"count":0,"href":"https:\/\/247stiri.ro\/index.php\/wp-json\/wp\/v2\/posts\/32967\/revisions"}],"wp:featuredmedia":[{"embeddable":true,"href":"https:\/\/247stiri.ro\/index.php\/wp-json\/wp\/v2\/media\/32968"}],"wp:attachment":[{"href":"https:\/\/247stiri.ro\/index.php\/wp-json\/wp\/v2\/media?parent=32967"}],"wp:term":[{"taxonomy":"category","embeddable":true,"href":"https:\/\/247stiri.ro\/index.php\/wp-json\/wp\/v2\/categories?post=32967"},{"taxonomy":"post_tag","embeddable":true,"href":"https:\/\/247stiri.ro\/index.php\/wp-json\/wp\/v2\/tags?post=32967"}],"curies":[{"name":"wp","href":"https:\/\/api.w.org\/{rel}","templated":true}]}}