{"id":32969,"date":"2025-02-19T12:44:58","date_gmt":"2025-02-19T12:44:58","guid":{"rendered":"https:\/\/247stiri.ro\/index.php\/2025\/02\/19\/conflictul-de-la-urziceni-10-persoane-propuse-pentru-arest-preventiv-alte-16-se-afla-deja-dupa-gratii-acuzatii-extrem-de-grave\/"},"modified":"2025-02-19T12:44:58","modified_gmt":"2025-02-19T12:44:58","slug":"conflictul-de-la-urziceni-10-persoane-propuse-pentru-arest-preventiv-alte-16-se-afla-deja-dupa-gratii-acuzatii-extrem-de-grave","status":"publish","type":"post","link":"https:\/\/247stiri.ro\/index.php\/2025\/02\/19\/conflictul-de-la-urziceni-10-persoane-propuse-pentru-arest-preventiv-alte-16-se-afla-deja-dupa-gratii-acuzatii-extrem-de-grave\/","title":{"rendered":"Conflictul de la Urziceni. 10 persoane, propuse pentru arest preventiv, alte 16 se afl\u0103 deja dup\u0103 gratii: acuza\u021bii extrem de grave"},"content":{"rendered":"<p>Parchetul de pe l\u00e2ng\u0103 CAB a \u00eenceput urm\u0103rirea penal\u0103 fa\u0163\u0103 de 31 de persoane inculpate pentru omor calificat, \u00eenc\u0103ierare, tulburarea ordinii \u015fi lini\u015ftii publice, nerespectarea regimului armelor \u015fi muni\u0163iilor, uz de arm\u0103 f\u0103r\u0103 drept \u015fi tentativ\u0103 de omor calificat, \u00een cazul scandalului de strad\u0103 din 8 februarie, de la Urziceni, jude\u0163ul Ialomi\u0163a.Potrivit procurorilor, \u00een 8 februarie 2025, pe fondul unei st\u0103ri tensionate preexistente \u00eentre membrii a dou\u0103 familii din jude\u0163ele Prahova \u015fi Ialomi\u0163a, \u00eentre cele dou\u0103 grupuri, aproximativ 50 de persoane, a \u00eenceput o \u00eenc\u0103ierare pe str\u0103zile din Urziceni, \u00een timpul c\u0103reia au fost folosite arme de foc \u015fi diverse obiecte contondente.<\/p>\n<p>\u00cen urma \u00eenc\u0103ier\u0103rii generale \u00een care au fost folosite inclusiv arme de foc, doi oameni au murit \u015fi mai mul\u0163i au fost r\u0103ni\u0163i.\u00cen 11 februarie, respectiv 13 februarie, Tribunalul Bucure\u015fti a dispus arestarea preventiv\u0103 pentru 30 de zile a 16 inculpa\u0163i, informeaz\u0103 Ministerul Public.<\/p>\n<p><a href=\"https:\/\/www.realitatea.net\/stiri\/actual\/perchezitii-maraton-in-dosarul-conflictului-de-la-urziceni-11-persoane-duse-la-audieri_67b2f6fdd4a6024ac1553f22\" target=\"_blank\">Val de perchezi\u021bii domiciliare, dup\u0103 conflictul din Urziceni \u00eentre dou\u0103 clanuri interlope: 2 mor\u021bi \u0219i 3 r\u0103ni\u021bi<\/a><\/p>\n<p>Sursa citat\u0103 men\u0163ioneaz\u0103 c\u0103 mar\u0163i procurorii Parchetului Cur\u0163ii de Apel Bucure\u015fti au f\u0103cut o nou\u0103 propunere de arestare preventiv\u0103 a altor zece inculpa\u0163i (nou\u0103 afla\u0163i \u00een stare de re\u0163inere \u015fi unul cu propunere de arestare \u00een lips\u0103).De asemenea, procurorul de caz a dispus, miercuri, m\u0103sura controlului judiciar \u00een cazul altor cinci inculpa\u0163i.<\/p>\n<p>\u00cen urm\u0103 cu dou\u0103 zile, poli\u0163i\u015ftii Direc\u0163iei de Investiga\u0163ii Criminale din Poli\u0163ia Rom\u00e2n\u0103 au f\u0103cut 25 de perchezi\u0163ii \u00een jude\u0163ele Ialomi\u0163a, Prahova, Ilfov \u015fi Teleorman, \u00een dosarul scandalului de strad\u0103 de la Urziceni, soldat cu moartea a dou\u0103 persoane.<\/p>\n<p><a href=\"https:\/\/www.realitatea.net\/stiri\/actual\/filtre-in-4-judete-dupa-razboiul-din-strada-doi-morti-intro-rafuiala-intre-clanuri-interlope-langa-capitala-motivul-tulburator-din-spatele-macelului_67a99246b0c2a0752e38e856\" target=\"_blank\">Filtre \u00een 4 jude\u021be, dup\u0103 r\u0103zboiul din strad\u0103. Doi mor\u021bi, \u00eentr-o r\u0103fuial\u0103 \u00eentre clanuri interlope, l\u00e2ng\u0103 Capital\u0103. Motivul tulbur\u0103tor din spatele m\u0103celului<\/a><\/p>","protected":false},"excerpt":{"rendered":"<p>Parchetul de pe l\u00e2ng\u0103 CAB a \u00eenceput urm\u0103rirea penal\u0103 fa\u0163\u0103 de 31 de persoane inculpate&hellip;<\/p>\n","protected":false},"author":0,"featured_media":32970,"comment_status":"open","ping_status":"open","sticky":false,"template":"","format":"standard","meta":{"footnotes":""},"categories":[2],"tags":[],"class_list":["post-32969","post","type-post","status-publish","format-standard","has-post-thumbnail","hentry","category-actual"],"_links":{"self":[{"href":"https:\/\/247stiri.ro\/index.php\/wp-json\/wp\/v2\/posts\/32969","targetHints":{"allow":["GET"]}}],"collection":[{"href":"https:\/\/247stiri.ro\/index.php\/wp-json\/wp\/v2\/posts"}],"about":[{"href":"https:\/\/247stiri.ro\/index.php\/wp-json\/wp\/v2\/types\/post"}],"replies":[{"embeddable":true,"href":"https:\/\/247stiri.ro\/index.php\/wp-json\/wp\/v2\/comments?post=32969"}],"version-history":[{"count":0,"href":"https:\/\/247stiri.ro\/index.php\/wp-json\/wp\/v2\/posts\/32969\/revisions"}],"wp:featuredmedia":[{"embeddable":true,"href":"https:\/\/247stiri.ro\/index.php\/wp-json\/wp\/v2\/media\/32970"}],"wp:attachment":[{"href":"https:\/\/247stiri.ro\/index.php\/wp-json\/wp\/v2\/media?parent=32969"}],"wp:term":[{"taxonomy":"category","embeddable":true,"href":"https:\/\/247stiri.ro\/index.php\/wp-json\/wp\/v2\/categories?post=32969"},{"taxonomy":"post_tag","embeddable":true,"href":"https:\/\/247stiri.ro\/index.php\/wp-json\/wp\/v2\/tags?post=32969"}],"curies":[{"name":"wp","href":"https:\/\/api.w.org\/{rel}","templated":true}]}}