{"id":32971,"date":"2025-02-19T12:44:58","date_gmt":"2025-02-19T12:44:58","guid":{"rendered":"https:\/\/247stiri.ro\/index.php\/2025\/02\/19\/mae-neaga-ca-ar-fi-discutat-cu-oficiali-sua-despre-procesul-electoral-din-romania-sau-despre-un-candidat\/"},"modified":"2025-02-19T12:44:58","modified_gmt":"2025-02-19T12:44:58","slug":"mae-neaga-ca-ar-fi-discutat-cu-oficiali-sua-despre-procesul-electoral-din-romania-sau-despre-un-candidat","status":"publish","type":"post","link":"https:\/\/247stiri.ro\/index.php\/2025\/02\/19\/mae-neaga-ca-ar-fi-discutat-cu-oficiali-sua-despre-procesul-electoral-din-romania-sau-despre-un-candidat\/","title":{"rendered":"MAE neag\u0103 c\u0103 ar fi discutat cu oficiali SUA despre procesul electoral din Rom\u00e2nia sau despre \u201eun candidat\u201d"},"content":{"rendered":"<p>&#8221;Am auzit mesajele publice ale unor reprezentan\u021bi ai Administra\u021biei SUA la Conferin\u021ba de Securitate de la Munchen \u0219i \u00een post\u0103ri din social media. Dincolo de aceste exprim\u0103ri generale, \u00een interac\u021biunile bilaterale cu oficiali ai Administra\u021biei SUA nu au existat niciun fel de discu\u021bii sau interven\u021bii \u00een raport cu un candidat sau procesul electoral din Rom\u00e2nia&#8221;, arat\u0103 MAE, \u00eentr-un comunicat.Potrivit Ministerului Afacerilor Externe, Rom\u00e2nia \u0219i Europa r\u0103m\u00e2n angajate ferm fa\u021b\u0103 de democra\u021bie \u0219i libertatea de exprimare.&#8221;O UE coerent\u0103, o NATO mai puternic\u0103 \u0219i un parteneriat transatlantic c\u00e2t mai solid posibil sunt \u00een interes comun. Rom\u00e2nia sus\u021bine nevoia de a ne consolida propriile for\u021be, de a ne asuma mai mult\u0103 responsabilitate ca europeni, dar \u0219i ca parteneri strategici ai SUA. Acest lucru include rezilien\u021ba institu\u021biilor democratice, libert\u0103\u021bilor fundamentale \u0219i integritatea alegerilor \u0219i a spa\u021biului informa\u021bional&#8221;, subliniaz\u0103 MAE.\u00a0<\/p>\n<p><a title=\"Administratia Prezidentiala, clarificari despre participarea lui Ilie Bolojan la reuniunea de la Paris. Cine il insoteste la acest eveniment\" href=\"https:\/\/www.realitatea.net\/stiri\/actual\/ilie-bolojan-a-plecat-oficial-la-paris-pentru-a-participa-la-reuniunea-dedicata-ucrainei-cine-il-insoteste-la-acest-eveniment_67b597153ee27569c337ac4c\">Administra\u021bia Preziden\u021bial\u0103, clarific\u0103ri despre participarea lui Ilie Bolojan la reuniunea de la Paris. Cine \u00eel \u00eenso\u021be\u0219te la acest eveniment<\/a><\/p>","protected":false},"excerpt":{"rendered":"<p>&#8221;Am auzit mesajele publice ale unor reprezentan\u021bi ai Administra\u021biei SUA la Conferin\u021ba de Securitate de&hellip;<\/p>\n","protected":false},"author":0,"featured_media":32965,"comment_status":"open","ping_status":"open","sticky":false,"template":"","format":"standard","meta":{"footnotes":""},"categories":[2],"tags":[],"class_list":["post-32971","post","type-post","status-publish","format-standard","has-post-thumbnail","hentry","category-actual"],"_links":{"self":[{"href":"https:\/\/247stiri.ro\/index.php\/wp-json\/wp\/v2\/posts\/32971","targetHints":{"allow":["GET"]}}],"collection":[{"href":"https:\/\/247stiri.ro\/index.php\/wp-json\/wp\/v2\/posts"}],"about":[{"href":"https:\/\/247stiri.ro\/index.php\/wp-json\/wp\/v2\/types\/post"}],"replies":[{"embeddable":true,"href":"https:\/\/247stiri.ro\/index.php\/wp-json\/wp\/v2\/comments?post=32971"}],"version-history":[{"count":0,"href":"https:\/\/247stiri.ro\/index.php\/wp-json\/wp\/v2\/posts\/32971\/revisions"}],"wp:featuredmedia":[{"embeddable":true,"href":"https:\/\/247stiri.ro\/index.php\/wp-json\/wp\/v2\/media\/32965"}],"wp:attachment":[{"href":"https:\/\/247stiri.ro\/index.php\/wp-json\/wp\/v2\/media?parent=32971"}],"wp:term":[{"taxonomy":"category","embeddable":true,"href":"https:\/\/247stiri.ro\/index.php\/wp-json\/wp\/v2\/categories?post=32971"},{"taxonomy":"post_tag","embeddable":true,"href":"https:\/\/247stiri.ro\/index.php\/wp-json\/wp\/v2\/tags?post=32971"}],"curies":[{"name":"wp","href":"https:\/\/api.w.org\/{rel}","templated":true}]}}