{"id":32997,"date":"2025-02-19T14:44:49","date_gmt":"2025-02-19T14:44:49","guid":{"rendered":"https:\/\/247stiri.ro\/index.php\/2025\/02\/19\/ilie-bolojan-a-aterizat-la-paris-presedintele-interimar-singurul-prezent-fizic-la-summitul-paris-2-0-ceilalti-oficiali-se-vor-conecta-online\/"},"modified":"2025-02-19T14:44:49","modified_gmt":"2025-02-19T14:44:49","slug":"ilie-bolojan-a-aterizat-la-paris-presedintele-interimar-singurul-prezent-fizic-la-summitul-paris-2-0-ceilalti-oficiali-se-vor-conecta-online","status":"publish","type":"post","link":"https:\/\/247stiri.ro\/index.php\/2025\/02\/19\/ilie-bolojan-a-aterizat-la-paris-presedintele-interimar-singurul-prezent-fizic-la-summitul-paris-2-0-ceilalti-oficiali-se-vor-conecta-online\/","title":{"rendered":"Ilie Bolojan a aterizat la Paris. Pre\u0219edintele interimar, singurul prezent fizic la summitul Paris 2.0, ceilal\u021bi oficiali se vor conecta online"},"content":{"rendered":"<p>Pre\u0219edintele interimar Ilie Bolojan, a plecat \u00een miercuri diminea\u021b\u0103 la Paris, cu o curs\u0103 de linie, pentru a participa la reuniunea organizata la Palatul Elysee, a transmis miercuri Palatul Cotroceni. Bolojan este \u00eenso\u021bit de Lumini\u021ba Odobescu, consilier preziden\u021bial pentru afaceri europene.<\/p>\n<p>La prima \u00eent\u00e2lnire, cea de luni, Rom\u00e2nia nu a participat, dar nici alte state europene. Din informa\u021bii pe surse, doar pre\u0219edintele interimar Ilie Bolojan \u0219i pre\u0219edintele Fran\u021bei, Emmanuel Macron, vor fi prezen\u021bi fizic la aceast\u0103 \u00eent\u00e2lnire iar ceilal\u021bi se vor conecta online. \u00cenainte de aceast\u0103 \u00eent\u00e2lnire care va \u00eencepe la ora 17:00 va avea loc, \u00een jurul orei 16:30 o \u00eent\u00e2lnire bilateral\u0103 \u00eentre Ilie Bolojan \u0219i Emmanuel Macron.\u00a0<\/p>\n<p><a title=\"De ce NU participa Romania la Summitul crucial de la Paris. Liderii lumii ignora tara noastra din cauza lui Iohannis si Bolojan\" href=\"https:\/\/www.realitatea.net\/stiri\/actual\/romania-nu-participa-la-summitul-crucial-de-la-paris-liderii-lumii-ignora-tara-noastra-din-cauza-lui-iohannis-si-bolojan_67b3497848b7bf52d61f022b\">De ce NU particip\u0103 Rom\u00e2nia la Summitul crucial de la Paris. Liderii lumii ignor\u0103 \u021bara noastr\u0103 din cauza lui Iohannis \u0219i Bolojan<\/a><\/p>\n<p>Se \u00eencearc\u0103, prin aceast\u0103 serie de \u00eent\u00e2lniri, s\u0103 se vin\u0103 cu o pozi\u021bionare comun\u0103 a statelor din Europa fa\u021b\u0103 de contextul interna\u021bional dup\u0103 ce a avut loc \u00eent\u00e2lnirea dintre Statele Unite \u0219i Federa\u021bia Rus\u0103 la care nu au fost invitate statele europene. R\u0103m\u00e2ne de v\u0103zut dac\u0103, dup\u0103 aceast\u0103 serie de \u00eent\u00e2lniri cu liderii europeni, vor exista \u0219i ni\u0219te concluzii publice, pentru a avea o imagine asupra felului \u00een care ne vom putea pozi\u021biona ca \u021bar\u0103 pe scena politic\u0103 interna\u021bional\u0103.<\/p>\n<p>Pre\u0219edintele francez Emmanuel Macron a g\u0103zduit luni o reuniune de urgen\u021b\u0103 cu \u0219efii de guvern din Germania, Regatul Unit, Italia, Polonia, Spania, \u021a\u0103rile de Jos \u0219i Danemarca, precum \u0219i pre\u0219edintele Consiliului European, pre\u0219edintele Comisiei Europene \u0219i secretarul general al NATO.<\/p>\n<p>Unele \u021b\u0103ri au fost nemul\u021bumite de faptul c\u0103 reuniunea a fost doar pentru anumi\u021bi lideri \u0219i nu pentru un summit UE complet, au declarat oficialii UE.<\/p>\n<p><a title=\"Giorgia Meloni, solidara cu Romania si a alte tari estice, in urma excluderii de la Summitul de la Paris\" href=\"https:\/\/www.realitatea.net\/stiri\/actual\/giorgia-meloni-solidara-cu-romania-si-a-alte-tari-estice-in-urma-excluderii-de-la-summitul-de-la-paris_67b43fe90f350a6ed7445762\">Giorgia Meloni, solidar\u0103 cu Rom\u00e2nia \u0219i a alte \u021b\u0103ri estice, \u00een urma excluderii de la Summitul de la Paris<\/a><\/p>","protected":false},"excerpt":{"rendered":"<p>Pre\u0219edintele interimar Ilie Bolojan, a plecat \u00een miercuri diminea\u021b\u0103 la Paris, cu o curs\u0103 de&hellip;<\/p>\n","protected":false},"author":0,"featured_media":32998,"comment_status":"open","ping_status":"open","sticky":false,"template":"","format":"standard","meta":{"footnotes":""},"categories":[3],"tags":[],"class_list":["post-32997","post","type-post","status-publish","format-standard","has-post-thumbnail","hentry","category-politica"],"_links":{"self":[{"href":"https:\/\/247stiri.ro\/index.php\/wp-json\/wp\/v2\/posts\/32997","targetHints":{"allow":["GET"]}}],"collection":[{"href":"https:\/\/247stiri.ro\/index.php\/wp-json\/wp\/v2\/posts"}],"about":[{"href":"https:\/\/247stiri.ro\/index.php\/wp-json\/wp\/v2\/types\/post"}],"replies":[{"embeddable":true,"href":"https:\/\/247stiri.ro\/index.php\/wp-json\/wp\/v2\/comments?post=32997"}],"version-history":[{"count":0,"href":"https:\/\/247stiri.ro\/index.php\/wp-json\/wp\/v2\/posts\/32997\/revisions"}],"wp:featuredmedia":[{"embeddable":true,"href":"https:\/\/247stiri.ro\/index.php\/wp-json\/wp\/v2\/media\/32998"}],"wp:attachment":[{"href":"https:\/\/247stiri.ro\/index.php\/wp-json\/wp\/v2\/media?parent=32997"}],"wp:term":[{"taxonomy":"category","embeddable":true,"href":"https:\/\/247stiri.ro\/index.php\/wp-json\/wp\/v2\/categories?post=32997"},{"taxonomy":"post_tag","embeddable":true,"href":"https:\/\/247stiri.ro\/index.php\/wp-json\/wp\/v2\/tags?post=32997"}],"curies":[{"name":"wp","href":"https:\/\/api.w.org\/{rel}","templated":true}]}}