{"id":33001,"date":"2025-02-19T14:44:51","date_gmt":"2025-02-19T14:44:51","guid":{"rendered":"https:\/\/247stiri.ro\/index.php\/2025\/02\/19\/ce-se-intampla-cu-cota-unica-si-cu-tva-anul-acesta-anuntul-premierului-ciolacu\/"},"modified":"2025-02-19T14:44:51","modified_gmt":"2025-02-19T14:44:51","slug":"ce-se-intampla-cu-cota-unica-si-cu-tva-anul-acesta-anuntul-premierului-ciolacu","status":"publish","type":"post","link":"https:\/\/247stiri.ro\/index.php\/2025\/02\/19\/ce-se-intampla-cu-cota-unica-si-cu-tva-anul-acesta-anuntul-premierului-ciolacu\/","title":{"rendered":"Ce se \u00eent\u00e2mpl\u0103 cu Cota Unic\u0103 \u0219i cu TVA, anul acesta? Anun\u021bul premierului Ciolacu"},"content":{"rendered":"<p>Premierul Marcel Ciolacu, pre\u0219edintele PSD, \u0219i mai mul\u021bi membri ai Guvernului au discutat miercuri, la Palatul Victoria, cu reprezentan\u021bii Consiliului Investitorilor Str\u0103ini despre stabilitatea economic\u0103 \u00een actualul context interna\u021bional. Potrivit premierului, cre\u0219terea economic\u0103 anul acesta e estimat\u0103 la 2,5%, cota unic\u0103 va fi men\u021binut\u0103 la 16% \u0219i nu se vor face schimb\u0103ri \u00een ce prive\u0219te TVA.<\/p>\n<p>Ciolacu, despre perspectivele economice \u00een 2025<\/p>\n<p>\u201eEstim\u0103m o cre\u0219tere economic\u0103 de 2,5% \u00een acest an bazat\u0103 pe investi\u021bii \u0219i atragerea de fonduri europene.\u00a0Men\u021binem\u00a0cota unic\u0103 de impozitare de 16% \u0219i Taxa pe Valoarea Ad\u0103ugat\u0103. P\u0103str\u0103m sub control cheltuielile bugetare, \u00eembun\u0103t\u0103\u021bim colectarea pentru a \u00eencasa venituri mai mari \u0219i cre\u0103m premisele pentru a ne \u00eencadra, \u00een acest an, \u00een\u00a0\u021binta de deficit bugetar\u00a0de 7%. 2025 este primul din cei \u0219apte ani de implementare a Planului Fiscal al Rom\u00e2niei, agreat cu reprezentan\u021bii Comisiei Europene, pentru consolidarea finan\u021belor \u021b\u0103rii\u201d, a declarat Marcel Ciolacu, potrivit unui\u00a0comunicat\u00a0al Guvernului.<\/p>\n<p>Conform sursei citate, reprezentan\u021bii Consiliului Investitorilor Str\u0103ini au apreciat semnalul dat \u00een pia\u021b\u0103 de Guvern prin m\u0103surile adoptate, inclusiv cele de reform\u0103 administrativ\u0103.<\/p>\n<p>\u201eSuntem aici s\u0103 contribuim al\u0103turi de Guvern la o revenire a cre\u0219terii economice, inclusiv din perspectiva competitivit\u0103\u021bii\u201d, a declarat Daniel Anghel, pre\u0219edinte al Consiliului Investitorilor Str\u0103ini.<\/p>\n<p>La reuniune s-a mai discutat despre implementarea PNRR, m\u0103suri de sus\u021binere a investi\u021biilor private \u0219i despre extinderea digitaliz\u0103rii sistemului fiscal.<\/p>\n<p>Din partea Guvernului au mai participat la discu\u021bii vicepremierul Marian Neac\u0219u, vicepremierul \u0219i ministrul Finan\u021belor, T\u00e1nczos Barna, ministrul Muncii, Familiei, Tineretului \u0219i Solidarit\u0103\u021bii Sociale, Simona Bucura-Oprescu, ministrul Economiei, Digitaliz\u0103rii, Antreprenoriatului \u0219i Turismului, Bogdan Ivan, ministrul Energiei, Sebastian Burduja, \u0219eful Cancelariei Prim-Ministrului, \u0218tefan Radu Oprea.<\/p>","protected":false},"excerpt":{"rendered":"<p>Premierul Marcel Ciolacu, pre\u0219edintele PSD, \u0219i mai mul\u021bi membri ai Guvernului au discutat miercuri, la&hellip;<\/p>\n","protected":false},"author":0,"featured_media":33002,"comment_status":"open","ping_status":"open","sticky":false,"template":"","format":"standard","meta":{"footnotes":""},"categories":[2],"tags":[],"class_list":["post-33001","post","type-post","status-publish","format-standard","has-post-thumbnail","hentry","category-actual"],"_links":{"self":[{"href":"https:\/\/247stiri.ro\/index.php\/wp-json\/wp\/v2\/posts\/33001","targetHints":{"allow":["GET"]}}],"collection":[{"href":"https:\/\/247stiri.ro\/index.php\/wp-json\/wp\/v2\/posts"}],"about":[{"href":"https:\/\/247stiri.ro\/index.php\/wp-json\/wp\/v2\/types\/post"}],"replies":[{"embeddable":true,"href":"https:\/\/247stiri.ro\/index.php\/wp-json\/wp\/v2\/comments?post=33001"}],"version-history":[{"count":0,"href":"https:\/\/247stiri.ro\/index.php\/wp-json\/wp\/v2\/posts\/33001\/revisions"}],"wp:featuredmedia":[{"embeddable":true,"href":"https:\/\/247stiri.ro\/index.php\/wp-json\/wp\/v2\/media\/33002"}],"wp:attachment":[{"href":"https:\/\/247stiri.ro\/index.php\/wp-json\/wp\/v2\/media?parent=33001"}],"wp:term":[{"taxonomy":"category","embeddable":true,"href":"https:\/\/247stiri.ro\/index.php\/wp-json\/wp\/v2\/categories?post=33001"},{"taxonomy":"post_tag","embeddable":true,"href":"https:\/\/247stiri.ro\/index.php\/wp-json\/wp\/v2\/tags?post=33001"}],"curies":[{"name":"wp","href":"https:\/\/api.w.org\/{rel}","templated":true}]}}