{"id":33005,"date":"2025-02-19T14:44:52","date_gmt":"2025-02-19T14:44:52","guid":{"rendered":"https:\/\/247stiri.ro\/index.php\/2025\/02\/19\/soferii-care-nu-si-curata-zapada-de-pe-masini-risca-amenzi-usturatoare-ce-prevede-legislatia-rutiera\/"},"modified":"2025-02-19T14:44:52","modified_gmt":"2025-02-19T14:44:52","slug":"soferii-care-nu-si-curata-zapada-de-pe-masini-risca-amenzi-usturatoare-ce-prevede-legislatia-rutiera","status":"publish","type":"post","link":"https:\/\/247stiri.ro\/index.php\/2025\/02\/19\/soferii-care-nu-si-curata-zapada-de-pe-masini-risca-amenzi-usturatoare-ce-prevede-legislatia-rutiera\/","title":{"rendered":"\u0218oferii care nu-\u0219i cur\u0103\u021b\u0103 z\u0103pada de pe ma\u0219ini risc\u0103 amenzi ustur\u0103toare. Ce prevede legisla\u021bia rutier\u0103"},"content":{"rendered":"<p>Pe numeroase str\u0103du\u021be, utilajele de desz\u0103pezire nu au ajuns deloc, iar trotuarele au r\u0103mas necur\u0103\u021bate, ceea ce \u00eengreuneaz\u0103 deplasarea. \u00cen aceste condi\u021bii, respectarea normelor referitoare la cur\u0103\u021barea z\u0103pezii devine crucial\u0103, iar cei care nu se supun pot fi sanc\u021biona\u021bi cu amenzi semnificative.<\/p>\n<p>Obliga\u021biile legale privind cur\u0103\u021barea z\u0103pezii<\/p>\n<p>Conform legisla\u021biei \u00een vigoare, responsabilitatea \u00eendep\u0103rt\u0103rii z\u0103pezii revine mai multor categorii de persoane:<\/p>\n<p>Proprietarii de case trebuie s\u0103 cure\u021be trotuarul din fa\u021ba locuin\u021bei lor;Asocia\u021biile de locatari sunt responsabile de \u00eentre\u021binerea trotuarelor din jurul blocurilor;\u0218oferii trebuie s\u0103 elibereze locurile de parcare \u0219i s\u0103 \u00ee\u0219i cure\u021be ma\u0219inile de z\u0103pad\u0103 \u0219i ghea\u021b\u0103;Comercian\u021bii sunt obliga\u021bi s\u0103 cure\u021be trotuarele din fa\u021ba magazinelor lor.<\/p>\n<p>Nerespectarea acestor obliga\u021bii atrage sanc\u021biuni financiare ce variaz\u0103 \u00eentre 500 \u0219i 3.000 de lei, \u00een func\u021bie de gravitatea situa\u021biei \u0219i de autoritatea care aplic\u0103 amenda.<\/p>\n<p><a title=\"Trafic ingreunat pe un mare bulevard din Bucuresti: o cisterna s-a inpotmolit din cauza zapezii\" href=\"https:\/\/www.realitatea.net\/stiri\/actual\/trafic-ingreunat-pe-un-mare-bulevard-din-bucuresti-o-cisterna-sa-inpotmolit-din-cauza-zapezii_67b5c183e10a0a571d74f7e3\">Trafic \u00eengreunat pe un mare bulevard din Bucure\u0219ti: o cistern\u0103 s-a \u00eenpotmolit din cauza z\u0103pezii<\/a><\/p>\n<p>\u0218oferii trebuie s\u0103 se asigure c\u0103 vehiculul lor este complet degajat de z\u0103pad\u0103 \u00eenainte de a porni la drum.\u00a0Conform legisla\u021biei rutiere, conduc\u0103torii auto care circul\u0103 cu parbrizul, luneta \u0219i geamurile laterale acoperite de z\u0103pad\u0103 se expun riscului de a primi amenzi de p\u00e2n\u0103 la 4.050 de lei.<\/p>\n<p>De asemenea, dac\u0103 num\u0103rul de \u00eenmatriculare nu este vizibil din cauza z\u0103pezii sau a ghe\u021bii, amenda poate varia \u00eentre 400 \u0219i 600 de lei. Aceste reglement\u0103ri sunt vitale pentru siguran\u021ba rutier\u0103, deoarece o vizibilitate sc\u0103zut\u0103 poate duce la accidente grave.<\/p>\n<p>Prim\u0103riile \u0219i companiile de desz\u0103pezire pot fi, de asemenea, sanc\u021bionate \u00cen Bucure\u0219ti \u0219i \u00een alte ora\u0219e, multe str\u0103zi secundare r\u0103m\u00e2n acoperite de un strat semnificativ de z\u0103pad\u0103, ceea ce \u00eengreuneaz\u0103 at\u00e2t circula\u021bia auto, c\u00e2t \u0219i deplasarea pietonilor.<\/p>\n<p>Prim\u0103riile au datoria de a asigura cur\u0103\u021barea trotuarelor din jurul \u0219colilor, cre\u0219elor \u0219i gr\u0103dini\u021belor. \u00cen cazul \u00een care nu \u00ee\u0219i \u00eendeplinesc atribu\u021biile, at\u00e2t prim\u0103riile de sector, c\u00e2t \u0219i companiile de desz\u0103pezire se pot confrunta cu sanc\u021biuni din partea Prim\u0103riei Capitalei, amenzile \u00eencep\u00e2nd de la 3.000 de lei.<\/p>\n<p><a title=\"Tara europeana care creste limita de viteza pe autostrada la 150 km\/h, in timp ce altele fac tot posibilul sa o mai scada\" href=\"https:\/\/www.realitatea.net\/stiri\/actual\/tara-europeana-care-creste-limita-de-viteza-pe-autostrada-la-150-kmh-in-timp-ce-altele-fac-tot-posibilul-sa-o-mai-scada_67b5ac17318a8008bf3ee5e8\">\u021aara europeana care cre\u0219te limita de vitez\u0103 pe autostrad\u0103 la 150 km\/h, \u00een timp ce altele fac tot posibilul s\u0103 o mai scad\u0103<\/a><\/p>","protected":false},"excerpt":{"rendered":"<p>Pe numeroase str\u0103du\u021be, utilajele de desz\u0103pezire nu au ajuns deloc, iar trotuarele au r\u0103mas necur\u0103\u021bate,&hellip;<\/p>\n","protected":false},"author":0,"featured_media":33006,"comment_status":"open","ping_status":"open","sticky":false,"template":"","format":"standard","meta":{"footnotes":""},"categories":[2],"tags":[],"class_list":["post-33005","post","type-post","status-publish","format-standard","has-post-thumbnail","hentry","category-actual"],"_links":{"self":[{"href":"https:\/\/247stiri.ro\/index.php\/wp-json\/wp\/v2\/posts\/33005","targetHints":{"allow":["GET"]}}],"collection":[{"href":"https:\/\/247stiri.ro\/index.php\/wp-json\/wp\/v2\/posts"}],"about":[{"href":"https:\/\/247stiri.ro\/index.php\/wp-json\/wp\/v2\/types\/post"}],"replies":[{"embeddable":true,"href":"https:\/\/247stiri.ro\/index.php\/wp-json\/wp\/v2\/comments?post=33005"}],"version-history":[{"count":0,"href":"https:\/\/247stiri.ro\/index.php\/wp-json\/wp\/v2\/posts\/33005\/revisions"}],"wp:featuredmedia":[{"embeddable":true,"href":"https:\/\/247stiri.ro\/index.php\/wp-json\/wp\/v2\/media\/33006"}],"wp:attachment":[{"href":"https:\/\/247stiri.ro\/index.php\/wp-json\/wp\/v2\/media?parent=33005"}],"wp:term":[{"taxonomy":"category","embeddable":true,"href":"https:\/\/247stiri.ro\/index.php\/wp-json\/wp\/v2\/categories?post=33005"},{"taxonomy":"post_tag","embeddable":true,"href":"https:\/\/247stiri.ro\/index.php\/wp-json\/wp\/v2\/tags?post=33005"}],"curies":[{"name":"wp","href":"https:\/\/api.w.org\/{rel}","templated":true}]}}