{"id":33016,"date":"2025-02-19T14:44:55","date_gmt":"2025-02-19T14:44:55","guid":{"rendered":"https:\/\/247stiri.ro\/index.php\/2025\/02\/19\/atacurile-lui-trump-impotriva-lui-zelenski-greu-de-inteles-de-catre-franta-nu-intelegem-foarte-bine-logica\/"},"modified":"2025-02-19T14:44:55","modified_gmt":"2025-02-19T14:44:55","slug":"atacurile-lui-trump-impotriva-lui-zelenski-greu-de-inteles-de-catre-franta-nu-intelegem-foarte-bine-logica","status":"publish","type":"post","link":"https:\/\/247stiri.ro\/index.php\/2025\/02\/19\/atacurile-lui-trump-impotriva-lui-zelenski-greu-de-inteles-de-catre-franta-nu-intelegem-foarte-bine-logica\/","title":{"rendered":"Atacurile lui Trump \u00eempotriva lui Zelenski, \u201dgreu de \u00een\u021beles\u201d de c\u0103tre Fran\u021ba: \u201dNu \u00een\u0163elegem foarte bine logica\u201d"},"content":{"rendered":"<p>Pre\u015fedintele francez Emmanuel Macron a abordat \u00eentr-o \u015fedin\u0163\u0103 a Consiliului Mini\u015ftrilor \u201dpozi\u0163ia Statelor Unite care reiese din diverse \u015fi variate declara\u0163ii, adesea greu de \u00een\u0163eles, (ale) pre\u015fedintelui Trump\u201d, pe a \u201dc\u0103ror coeren\u0163\u0103 o c\u0103ut\u0103m \u00een timp\u201d, declar\u0103 o purt\u0103toare de cuv\u00e2nt a Guvernului francez,\u00a0Sophie Primas<\/p>\n<p>\u201dDeclara\u0163iile de ieri (mar\u0163i) se afl\u0103 \u00een aceast\u0103 linie (&#8230;). Nu \u00een\u0163elegem foarte bine logica american\u0103\u201d, adaug\u0103 ea.<\/p>\n<p>Donald Trump l-a acuzat mar\u0163i pe Volodimir Zelenski de faptul c\u0103 a \u00eenceput R\u0103zboiul din Ucraina \u015fi c\u0103 este nepopular.<\/p>\n<p>El reac\u0163iona \u00een urma unor critici ale pre\u015fedintelui ucrainean, care acuz\u0103 Washingtonul de faptul c\u0103 a \u00eenceput negocieri \u201dprivind Ucraina f\u0103r\u0103 Ucraina\u201d cu Rusia, mar\u0163i, la Riad, \u015fi cere ca \u0163ara sa \u015fi europenii s\u0103 stea la masa negocierilor.<\/p>\n<p>\u201dAzi (mar\u0163i) am auzit \u00abo, noi nu eram invita\u0163i\u00bb. Ei, bine, a\u0163i fost acolo de trei ani. Ar fi trebuit s\u0103 pune\u0163i cap\u0103t acum trei ani. N-ar fi trebuit s\u0103-l \u00eencepe\u0163i niciodat\u0103\u201d, declara noul locatar al Casei Albe despre r\u0103zboi, declan\u015fat de invazia Ucrainei de c\u0103tre Rusia, la 24 februarie 2022.<\/p>\n<p>\u201dRusia vrea s\u0103 fac\u0103 ceva. Ei vor s\u0103 pun\u0103 cap\u0103t barbariei s\u0103lbatice\u201d, a dat el asigur\u0103ri, f\u0103r\u0103 s\u0103 spun\u0103 o vorb\u0103 despre masacre ale civililor atribuite armatei ruse de la \u00eenceputul conflictului.<\/p>\n<p>\u00a0<\/p>","protected":false},"excerpt":{"rendered":"<p>Pre\u015fedintele francez Emmanuel Macron a abordat \u00eentr-o \u015fedin\u0163\u0103 a Consiliului Mini\u015ftrilor \u201dpozi\u0163ia Statelor Unite care&hellip;<\/p>\n","protected":false},"author":0,"featured_media":32994,"comment_status":"open","ping_status":"open","sticky":false,"template":"","format":"standard","meta":{"footnotes":""},"categories":[2],"tags":[],"class_list":["post-33016","post","type-post","status-publish","format-standard","has-post-thumbnail","hentry","category-actual"],"_links":{"self":[{"href":"https:\/\/247stiri.ro\/index.php\/wp-json\/wp\/v2\/posts\/33016","targetHints":{"allow":["GET"]}}],"collection":[{"href":"https:\/\/247stiri.ro\/index.php\/wp-json\/wp\/v2\/posts"}],"about":[{"href":"https:\/\/247stiri.ro\/index.php\/wp-json\/wp\/v2\/types\/post"}],"replies":[{"embeddable":true,"href":"https:\/\/247stiri.ro\/index.php\/wp-json\/wp\/v2\/comments?post=33016"}],"version-history":[{"count":0,"href":"https:\/\/247stiri.ro\/index.php\/wp-json\/wp\/v2\/posts\/33016\/revisions"}],"wp:featuredmedia":[{"embeddable":true,"href":"https:\/\/247stiri.ro\/index.php\/wp-json\/wp\/v2\/media\/32994"}],"wp:attachment":[{"href":"https:\/\/247stiri.ro\/index.php\/wp-json\/wp\/v2\/media?parent=33016"}],"wp:term":[{"taxonomy":"category","embeddable":true,"href":"https:\/\/247stiri.ro\/index.php\/wp-json\/wp\/v2\/categories?post=33016"},{"taxonomy":"post_tag","embeddable":true,"href":"https:\/\/247stiri.ro\/index.php\/wp-json\/wp\/v2\/tags?post=33016"}],"curies":[{"name":"wp","href":"https:\/\/api.w.org\/{rel}","templated":true}]}}