{"id":33027,"date":"2025-02-19T15:45:28","date_gmt":"2025-02-19T15:45:28","guid":{"rendered":"https:\/\/247stiri.ro\/index.php\/2025\/02\/19\/daniel-david-crede-ca-poate-rezolva-problema-imbatranirii-populatiei-este-nevoie-de-o-strategie-bazata-pe-educatie-si-cunoastere-stiintifica\/"},"modified":"2025-02-19T15:45:28","modified_gmt":"2025-02-19T15:45:28","slug":"daniel-david-crede-ca-poate-rezolva-problema-imbatranirii-populatiei-este-nevoie-de-o-strategie-bazata-pe-educatie-si-cunoastere-stiintifica","status":"publish","type":"post","link":"https:\/\/247stiri.ro\/index.php\/2025\/02\/19\/daniel-david-crede-ca-poate-rezolva-problema-imbatranirii-populatiei-este-nevoie-de-o-strategie-bazata-pe-educatie-si-cunoastere-stiintifica\/","title":{"rendered":"Daniel David crede c\u0103 poate rezolva problema \u00eemb\u0103tr\u00e2nirii popula\u021biei: \u201dEste nevoie de o strategie bazat\u0103 pe educa\u021bie \u0219i cunoa\u015ftere \u015ftiin\u0163ific\u0103\u201d"},"content":{"rendered":"<p>\u201eMinisterul Educa\u0163iei \u015fi Cercet\u0103rii (MEC) a luat act cu \u00eengrijorare de comunicatele Organiza\u0163iei Na\u0163iunilor Unite, care men\u0163ioneaz\u0103 \u015fi Rom\u00e2nia ca \u0163ar\u0103 aflat\u0103 \u00een situa\u0163ie de risc prin prisma \u00eemb\u0103tr\u00e2nirii popula\u0163iei (s\u0103n\u0103t\u0103\u0163ii familiei \u015fi natalit\u0103\u0163ii). Acest fenomen se va accentua \u00een anii urm\u0103tori, pe fondul sc\u0103derii segmentului de popula\u0163ie de v\u00e2rst\u0103 fertil\u0103 \u015fi ca urmare a sc\u0103derii natalit\u0103\u0163ii\u201d, se arat\u0103 \u00eentr-un comunicat de pres\u0103 al MEC.Potrivit sursei citate, prin politicile educa\u0163ionale (formale \u015fi nonformale \u015fi prin educa\u0163ia pe tot parcursul vie\u0163ii) \u015fi cele de cercetare-dezvoltare-inovare, MEC are \u201erolul-cheie \u00een a \u00een\u0163elege, preveni \u015fi corecta aceast\u0103 problem\u0103 social\u0103 a \u0163\u0103rii\u201d.\u201e\u00cen acest sens, Ministerul Educa\u0163iei a solicitat o Strategie na\u0163ional\u0103, bazat\u0103 pe educa\u0163ie \u015fi cunoa\u015ftere \u015ftiin\u0163ific\u0103, actorilor principali implica\u0163i deja \u00een astfel de analize, \u00een primul r\u00e2nd pornind de la proiectul na\u0163ional pluridisciplinar \u201eS\u0103n\u0103tatea familiei \u015fi natalitate&#8221; (coordonat de domnul Grigore Iuga), desf\u0103\u015furat prin Academia de \u015etiin\u0163e Medicale, sub auspiciile Academiei Rom\u00e2ne, \u00een colaborare cu o serie de universit\u0103\u0163i reprezentative ale \u0163\u0103rii\u201d, se arat\u0103 \u00een comunicatul citat.\u00cen acest context, ministrul Educa\u0163iei \u015fi Cercet\u0103rii, Daniel David, a declarat c\u0103 cel mai important plan este cel legat direct de \u00eembun\u0103t\u0103\u0163irea s\u0103n\u0103t\u0103\u0163ii familiei \u015fi cre\u015fterea natalit\u0103\u0163ii.\u201eDe modul \u00een care vom rezolva situa\u0163ia s\u0103n\u0103t\u0103\u0163ii familiei \u015fi a natalit\u0103\u0163ii (\u00eemb\u0103tr\u00e2nirii popula\u0163iei) depind \u00een viitor chiar existen\u0163a na\u0163iunii noastre \u015fi bun\u0103starea acesteia. Primul \u015fi cel mai important plan (planul A) este cel legat direct de \u00eembun\u0103t\u0103\u0163irea s\u0103n\u0103t\u0103\u0163ii familiei \u015fi cre\u015fterea natalit\u0103\u0163ii. Exist\u0103 deja idei bune, derivate din cercetarea \u015ftiin\u0163ific\u0103, astfel \u00eenc\u00e2t cred c\u0103 suntem \u00een faza \u00een care putem propune o nou\u0103 Strategie na\u0163ional\u0103 \u00een acest sens, inclusiv cu implicarea autorit\u0103\u0163ilor relevante \u00een domeniile de profil\u201d, a afirmat Daniel David.Ministrul Educa\u0163iei consider\u0103 c\u0103 trebuie s\u0103 existe \u015fi un plan B, acesta fiind compensarea natalit\u0103\u0163ii sc\u0103zute, pentru o vreme, cu \u201edezvolt\u0103ri inovativ-competitive care s\u0103 ne asigure, totu\u015fi, \u015fi bun\u0103starea social\u0103\u201d.\u201eCa demers secundar, pornind \u015fi de la observa\u0163iile \u00abRaportului Draghi\u00bb, cred c\u0103 ne trebuie \u015fi un plan B, derulat \u00een paralel cu planul principal (planul A) sau ca plan de siguran\u0163\u0103, dac\u0103 planul A nu func\u0163ioneaz\u0103 cu efecte rapide, \u015fi anume s\u0103 compens\u0103m o vreme natalitatea sc\u0103zut\u0103 cu dezvolt\u0103ri inovativ-competitive care s\u0103 ne asigure, totu\u015fi, \u015fi bun\u0103starea social\u0103. Ca ministru al Educa\u0163iei \u015fi Cercet\u0103rii voi sus\u0163ine astfel de demersuri at\u00e2t pe linia cercet\u0103rii-dezvolt\u0103rii-inov\u0103rii, c\u00e2t \u015fi \u00een privin\u0163a educ\u0103rii popula\u0163iei \u00een acest sens&#8221;, a mai declarat Daniel David.<\/p>","protected":false},"excerpt":{"rendered":"<p>\u201eMinisterul Educa\u0163iei \u015fi Cercet\u0103rii (MEC) a luat act cu \u00eengrijorare de comunicatele Organiza\u0163iei Na\u0163iunilor Unite,&hellip;<\/p>\n","protected":false},"author":0,"featured_media":33028,"comment_status":"open","ping_status":"open","sticky":false,"template":"","format":"standard","meta":{"footnotes":""},"categories":[2],"tags":[],"class_list":["post-33027","post","type-post","status-publish","format-standard","has-post-thumbnail","hentry","category-actual"],"_links":{"self":[{"href":"https:\/\/247stiri.ro\/index.php\/wp-json\/wp\/v2\/posts\/33027","targetHints":{"allow":["GET"]}}],"collection":[{"href":"https:\/\/247stiri.ro\/index.php\/wp-json\/wp\/v2\/posts"}],"about":[{"href":"https:\/\/247stiri.ro\/index.php\/wp-json\/wp\/v2\/types\/post"}],"replies":[{"embeddable":true,"href":"https:\/\/247stiri.ro\/index.php\/wp-json\/wp\/v2\/comments?post=33027"}],"version-history":[{"count":0,"href":"https:\/\/247stiri.ro\/index.php\/wp-json\/wp\/v2\/posts\/33027\/revisions"}],"wp:featuredmedia":[{"embeddable":true,"href":"https:\/\/247stiri.ro\/index.php\/wp-json\/wp\/v2\/media\/33028"}],"wp:attachment":[{"href":"https:\/\/247stiri.ro\/index.php\/wp-json\/wp\/v2\/media?parent=33027"}],"wp:term":[{"taxonomy":"category","embeddable":true,"href":"https:\/\/247stiri.ro\/index.php\/wp-json\/wp\/v2\/categories?post=33027"},{"taxonomy":"post_tag","embeddable":true,"href":"https:\/\/247stiri.ro\/index.php\/wp-json\/wp\/v2\/tags?post=33027"}],"curies":[{"name":"wp","href":"https:\/\/api.w.org\/{rel}","templated":true}]}}