{"id":33070,"date":"2025-02-19T18:44:51","date_gmt":"2025-02-19T18:44:51","guid":{"rendered":"https:\/\/247stiri.ro\/index.php\/2025\/02\/19\/restrictii-de-trafic-anuntate-pentru-meciul-fcsb-paok-salonic\/"},"modified":"2025-02-19T18:44:51","modified_gmt":"2025-02-19T18:44:51","slug":"restrictii-de-trafic-anuntate-pentru-meciul-fcsb-paok-salonic","status":"publish","type":"post","link":"https:\/\/247stiri.ro\/index.php\/2025\/02\/19\/restrictii-de-trafic-anuntate-pentru-meciul-fcsb-paok-salonic\/","title":{"rendered":"Restric\u021bii de trafic anun\u021bate pentru meciul FCSB \u2013 PAOK Salonic"},"content":{"rendered":"<p>Restric\u0163iile anun\u0163ate:<\/p>\n<p>I. pe Str. Maior Coravu:<\/p>\n<p>&#8211; miercuri, \u00eencep\u00e2nd cu\u00a0ora 22.00, \u00een perimetrul rondului de pe aceast\u0103 strad\u0103, \u00een fa\u0163a intr\u0103rii \u00een Complexul Arenei Na\u0163ionale, nu se va permite parcarea autovehiculelor;<\/p>\n<p>&#8211; joi, \u00eencep\u00e2nd cu\u00a0ora 16.00, p\u00e2n\u0103 dup\u0103 \u00eencheierea meciului;<\/p>\n<p>II. pe\u00a0Bd. Pierre de Coubertin, de la intersec\u0163ia cu Str. Vatra Luminoas\u0103, p\u00e2n\u0103 la intrarea \u00een Complexul Sportiv, \u00een data de\u00a020.02.2025, \u00eencep\u00e2nd cu\u00a0ora 16.00, p\u00e2n\u0103 dup\u0103 \u00eencheierea meciului;<\/p>\n<p>III. pe\u00a0Str. Tony Bulandra:<\/p>\n<p>&#8211; joi, \u00eencep\u00e2nd cu\u00a0ora 16.00, p\u00e2n\u0103 dup\u0103 \u00eencheierea meciului.<\/p>\n<p>IV. pe\u00a0Str. Vatra Luminoas\u0103:<\/p>\n<p>-joi, \u00eencep\u00e2nd cu\u00a0ora 16.00, p\u00e2n\u0103 dup\u0103 \u00eencheierea meciului.<\/p>\n<p>De asemenea,\u00a0se va restric\u0163iona accesul mijloacelor auto\u00a0dup\u0103 cum urmeaz\u0103:<\/p>\n<p>&#8211; \u00een alveola din fa\u0163a intr\u0103rii \u00een curtea Complexului Arenei Na\u0163ionale, dinspre Bd. Basarabia, joi, \u00eencep\u00e2nd cu ora\u00a007.00;<\/p>\n<p>&#8211; pe Bd. Pierre de Coubertin, \u00eentre Str. Vatra Luminoas\u0103 \u015fi intrarea \u00een Complexul Arena Na\u0163ional\u0103, joi, \u00eencep\u00e2nd cu ora\u00a016.00.<\/p>\n<p>Rute ocolitoare:<\/p>\n<p>&#8211; Bd. Unirii \u2013 Str. Lucian Blaga \u2013 Calea Dude\u015fti \u2013 Bd. Camil Ressu \u2013 Bd. Nicolae Grigorescu \u2013 Bd. Theodor Pallady;<\/p>\n<p>&#8211; \u015eos. Mihai Bravu \u2013 \u015eos. Iancului \u2013 \u015eos. Pantelimon;<\/p>\n<p>&#8211; \u015eos. \u015etefan cel Mare \u2013 \u015eos. Colentina \u2013 \u015eos. Fundeni;<\/p>\n<p>&#8211; \u015eos. Morarilor \u2013 Str. Lucre\u0163iu P\u0103tr\u0103\u015fcanu \u2013 Str. Constantin Br\u00e2ncu\u015fi \u2013 Bd. Nicolae Grigorescu \u2013 Str. Liviu Rebreanu.<\/p>\n<p>Brigada Rutier\u0103 va dispune m\u0103suri de fluidizare a traficului \u015fi de prevenire a accidentelor de circula\u0163ie \u015fi solicit\u0103 conduc\u0103torilor de autovehicule s\u0103 circule cu pruden\u0163\u0103, s\u0103 p\u0103streze o distan\u0163\u0103 suficient\u0103 pentru a putea fr\u00e2na \u00een condi\u0163ii de siguran\u0163\u0103, s\u0103 nu opreasc\u0103 ori s\u0103 sta\u0163ioneze dec\u00e2t \u00een locurile special amenajate \u015fi s\u0103 respecte semnalele \u015fi indica\u0163iile poli\u0163i\u015ftilor rutieri.<\/p>\n<p>Pietonilor li se recomand\u0103 s\u0103 se deplaseze doar pe trotuare, traversarea str\u0103zii s\u0103 o realizeze doar prin locurile special amenajate \u015fi la culoarea verde a semaforului electric, dup\u0103 ce s-au asigurat temeinic, iar conduc\u0103torii de vehicule le-au \u00een\u0163eles inten\u0163ia de a traversa.<\/p>","protected":false},"excerpt":{"rendered":"<p>Restric\u0163iile anun\u0163ate: I. pe Str. Maior Coravu: &#8211; miercuri, \u00eencep\u00e2nd cu\u00a0ora 22.00, \u00een perimetrul rondului&hellip;<\/p>\n","protected":false},"author":0,"featured_media":33061,"comment_status":"open","ping_status":"open","sticky":false,"template":"","format":"standard","meta":{"footnotes":""},"categories":[2],"tags":[],"class_list":["post-33070","post","type-post","status-publish","format-standard","has-post-thumbnail","hentry","category-actual"],"_links":{"self":[{"href":"https:\/\/247stiri.ro\/index.php\/wp-json\/wp\/v2\/posts\/33070","targetHints":{"allow":["GET"]}}],"collection":[{"href":"https:\/\/247stiri.ro\/index.php\/wp-json\/wp\/v2\/posts"}],"about":[{"href":"https:\/\/247stiri.ro\/index.php\/wp-json\/wp\/v2\/types\/post"}],"replies":[{"embeddable":true,"href":"https:\/\/247stiri.ro\/index.php\/wp-json\/wp\/v2\/comments?post=33070"}],"version-history":[{"count":0,"href":"https:\/\/247stiri.ro\/index.php\/wp-json\/wp\/v2\/posts\/33070\/revisions"}],"wp:featuredmedia":[{"embeddable":true,"href":"https:\/\/247stiri.ro\/index.php\/wp-json\/wp\/v2\/media\/33061"}],"wp:attachment":[{"href":"https:\/\/247stiri.ro\/index.php\/wp-json\/wp\/v2\/media?parent=33070"}],"wp:term":[{"taxonomy":"category","embeddable":true,"href":"https:\/\/247stiri.ro\/index.php\/wp-json\/wp\/v2\/categories?post=33070"},{"taxonomy":"post_tag","embeddable":true,"href":"https:\/\/247stiri.ro\/index.php\/wp-json\/wp\/v2\/tags?post=33070"}],"curies":[{"name":"wp","href":"https:\/\/api.w.org\/{rel}","templated":true}]}}