{"id":33073,"date":"2025-02-19T19:45:54","date_gmt":"2025-02-19T19:45:54","guid":{"rendered":"https:\/\/247stiri.ro\/index.php\/2025\/02\/19\/ilie-bolojan-dupa-intalnirea-cu-emmanuel-macron-securitatea-ucrainei-este-si-securitatea-europei-si-a-romaniei-suntem-alaturi-de-ucraina-si-din-interes-strategic\/"},"modified":"2025-02-19T19:45:54","modified_gmt":"2025-02-19T19:45:54","slug":"ilie-bolojan-dupa-intalnirea-cu-emmanuel-macron-securitatea-ucrainei-este-si-securitatea-europei-si-a-romaniei-suntem-alaturi-de-ucraina-si-din-interes-strategic","status":"publish","type":"post","link":"https:\/\/247stiri.ro\/index.php\/2025\/02\/19\/ilie-bolojan-dupa-intalnirea-cu-emmanuel-macron-securitatea-ucrainei-este-si-securitatea-europei-si-a-romaniei-suntem-alaturi-de-ucraina-si-din-interes-strategic\/","title":{"rendered":"Ilie Bolojan, dup\u0103 \u00eent\u00e2lnirea cu Emmanuel Macron: \u201dSecuritatea Ucrainei este \u0219i securitatea Europei \u0219i a Rom\u00e2niei. Suntem al\u0103turi de Ucraina \u0219i din interes strategic\u201d"},"content":{"rendered":"<p>Pre\u0219edintele interimar al Rom\u00e2niei Ilie Bolojan a fost primit la Palatul Elysee de pre\u0219edintele Emmanuel Macron. Bolojan a fost \u00eent\u00e2mpinat cu garda de onoare. Liderul rom\u00e2n a dezv\u0103luit ce a discutat cu Macron.<\/p>\n<p>\u201eA fost o \u00eent\u00e2lnire foarte bun\u0103 \u0219i-i mul\u021bumesc pentru organizarea acestei \u00eent\u00e2lniri. Ne-am asigurat \u00eenc\u0103 o dat\u0103 c\u0103, a\u0219a cum Fran\u021ba a fost al\u0103turi de Rom\u00e2nia \u00een momentele foarte importante al istoriei \u021b\u0103rii noastre, \u0219i ast\u0103zi r\u0103m\u00e2ne al\u0103turi de noi. Am reconfirmat parteneriatul strategic cu Fran\u021ba. De asemenea, am reconfirmat \u00eenc\u0103 o dat\u0103 stabilitatea prezen\u021bei militare franceze \u00een Rom\u00e2nia la solicitarea \u021b\u0103rii noastre. Avem un contingent important francez, care contribuie al\u0103turi de celelalte contingente ale \u021b\u0103rilor aliate, ale Statelor Unite, la securitatea \u021b\u0103rii noastre \u0219i am confirmat c\u0103 aceast\u0103 prezen\u021b\u0103 va fi consolidat\u0103 \u00een perioada urm\u0103toare\u201d, a declarat Ilie Bolojan.<\/p>\n<p>\u201eAm confirmat continuarea cooper\u0103rii \u0219i dezvolt\u0103rii \u00een zona economic\u0103 \u0219i \u00een industria de ap\u0103rare, av\u00e2nd \u00een vedere nu doar necesit\u0103\u021bile regionale, dar \u0219i posibilitatea c\u0103 aceast\u0103 industrie s\u0103 fie un pol de dezvoltare \u00een Rom\u00e2nia \u00een anii urm\u0103tori. \u00cei mul\u021bumesc pre\u0219edintelui Macron pentru aceast\u0103 \u00eent\u00e2lnire \u0219i pentru prietenia fa\u021b\u0103 de \u021bara noastr\u0103\u201d, a precizat Ilie Bolojan.<\/p>\n<p>Pre\u0219edintele interimar a reprezentat Rom\u00e2nia la cea de-a doua reuniune de la Paris pe tema Ucrainei \u0219i a securit\u0103\u021bii europene.<\/p>\n<p>\u201e\u00cen primul r\u00e2nd, o concluzie important\u0103 este c\u0103 securitatea Ucrainei este \u0219i securitatea Europei \u0219i a Rom\u00e2niei\u201d, a mai spus pre\u0219edintele interimar, dup\u0103 \u00eent\u00e2lnirea cu pre\u0219edintele Fran\u021bei.<\/p>\n<p>\u201eNu suntem al\u0103turi de Ucraina doar dintr-un sentiment umanitar, \u00een primul r\u00e2nd, din acest motiv \u0219i de nedreptate, ci suntem \u0219i din un interes strategic pentru \u021bara noastr\u0103\u201d, a mai spus pre\u0219edintele.<\/p>\n<p>El a amintit c\u0103 \u201escutul nostru a fost NATO\u201d.<\/p>\n<p>Mai mult, pre\u0219edintele Bolojan a vorbit \u0219i despre a doua concluzie important\u0103, care se refer\u0103 la \u201ecolaborarea dintre \u021b\u0103rile europene \u0219i Statele Unite ale Americii poate s\u0103 fie cea mai bun\u0103 formul\u0103 pentru rezolvarea acestei crize, \u00een a\u0219a fel \u00eenc\u00e2t nu doar s\u0103 avem o \u00eencetare a focului, ceea ce este foarte bine, ci s\u0103 avem o pace just\u0103, \u00een a\u0219a fel \u00eenc\u00e2t \u00een anii urm\u0103tori s\u0103 nu re\u00eenceap\u0103 un nou conflict, iar aceast\u0103 pace just\u0103 \u0219i o pace echitabil\u0103 nu se poate face f\u0103r\u0103 participarea Ucrainei \u0219i a Uniunii Europene\u201d.<\/p>","protected":false},"excerpt":{"rendered":"<p>Pre\u0219edintele interimar al Rom\u00e2niei Ilie Bolojan a fost primit la Palatul Elysee de pre\u0219edintele Emmanuel&hellip;<\/p>\n","protected":false},"author":0,"featured_media":33074,"comment_status":"open","ping_status":"open","sticky":false,"template":"","format":"standard","meta":{"footnotes":""},"categories":[2],"tags":[],"class_list":["post-33073","post","type-post","status-publish","format-standard","has-post-thumbnail","hentry","category-actual"],"_links":{"self":[{"href":"https:\/\/247stiri.ro\/index.php\/wp-json\/wp\/v2\/posts\/33073","targetHints":{"allow":["GET"]}}],"collection":[{"href":"https:\/\/247stiri.ro\/index.php\/wp-json\/wp\/v2\/posts"}],"about":[{"href":"https:\/\/247stiri.ro\/index.php\/wp-json\/wp\/v2\/types\/post"}],"replies":[{"embeddable":true,"href":"https:\/\/247stiri.ro\/index.php\/wp-json\/wp\/v2\/comments?post=33073"}],"version-history":[{"count":0,"href":"https:\/\/247stiri.ro\/index.php\/wp-json\/wp\/v2\/posts\/33073\/revisions"}],"wp:featuredmedia":[{"embeddable":true,"href":"https:\/\/247stiri.ro\/index.php\/wp-json\/wp\/v2\/media\/33074"}],"wp:attachment":[{"href":"https:\/\/247stiri.ro\/index.php\/wp-json\/wp\/v2\/media?parent=33073"}],"wp:term":[{"taxonomy":"category","embeddable":true,"href":"https:\/\/247stiri.ro\/index.php\/wp-json\/wp\/v2\/categories?post=33073"},{"taxonomy":"post_tag","embeddable":true,"href":"https:\/\/247stiri.ro\/index.php\/wp-json\/wp\/v2\/tags?post=33073"}],"curies":[{"name":"wp","href":"https:\/\/api.w.org\/{rel}","templated":true}]}}