{"id":33076,"date":"2025-02-19T19:45:55","date_gmt":"2025-02-19T19:45:55","guid":{"rendered":"https:\/\/247stiri.ro\/index.php\/2025\/02\/19\/ce-proiecte-cofinantate-de-la-bugetul-de-stat-vor-avea-prioritate-premierul-ciolacu-a-facut-anuntul\/"},"modified":"2025-02-19T19:45:55","modified_gmt":"2025-02-19T19:45:55","slug":"ce-proiecte-cofinantate-de-la-bugetul-de-stat-vor-avea-prioritate-premierul-ciolacu-a-facut-anuntul","status":"publish","type":"post","link":"https:\/\/247stiri.ro\/index.php\/2025\/02\/19\/ce-proiecte-cofinantate-de-la-bugetul-de-stat-vor-avea-prioritate-premierul-ciolacu-a-facut-anuntul\/","title":{"rendered":"Ce proiecte cofinan\u021bate de la bugetul de stat vor avea prioritate. Premierul Ciolacu a f\u0103cut anun\u021bul"},"content":{"rendered":"<p>\u00cen cadrul discu\u0163iilor, premierul Marcel Ciolacu \u015fi ministrul Finan\u0163elor, T\u00e1nczos Barna, au subliniat faptul c\u0103 finan\u0163area proiectelor din bugetul de stat se va realiza conform criteriilor stabilite deja de Guvern. Astfel, vor avea prioritate obiectivele de investi\u0163ii aflate \u00eentr-un stadiu avansat de realizare, cel mai mare punctaj fiind pentru cele care au gradul de execu\u0163ie peste 80%.<\/p>\n<p>\u201eOamenii a\u015fteapt\u0103 de la noi rezultate concrete, motiv pentru care este esen\u0163ial s\u0103 men\u0163inem un ritm sus\u0163inut al investi\u0163iilor. Prioritatea trebuie s\u0103 fie acordat\u0103 proiectelor finan\u0163ate din fonduri europene, astfel \u00eenc\u00e2t s\u0103 valorific\u0103m pe deplin oportunit\u0103\u0163ile disponibile pentru dezvoltarea Rom\u00e2niei. At\u00e2t pentru cofinan\u0163area proiectelor europene, c\u00e2t \u015fi pentru investi\u0163iile sus\u0163inute din resurse na\u0163ionale, avem \u00een acest an cel mai mare buget alocat investi\u0163iilor publice: peste 150 de miliarde de lei. Aceste resurse trebuie concretizate \u00een proiecte finalizate, care s\u0103 aduc\u0103 beneficii reale oamenilor\u201d, a declarat prim-ministrul Marcel Ciolacu.<\/p>\n<p>Din delega\u0163ia guvernamental\u0103 au mai f\u0103cut parte ministrul Afacerilor Interne, C\u0103t\u0103lin Predoiu, \u015fi ministrul Dezvolt\u0103rii, Lucr\u0103rilor Publice \u015fi Administra\u0163iei, Cseke Attila.<\/p>","protected":false},"excerpt":{"rendered":"<p>\u00cen cadrul discu\u0163iilor, premierul Marcel Ciolacu \u015fi ministrul Finan\u0163elor, T\u00e1nczos Barna, au subliniat faptul c\u0103&hellip;<\/p>\n","protected":false},"author":0,"featured_media":33077,"comment_status":"open","ping_status":"open","sticky":false,"template":"","format":"standard","meta":{"footnotes":""},"categories":[2],"tags":[],"class_list":["post-33076","post","type-post","status-publish","format-standard","has-post-thumbnail","hentry","category-actual"],"_links":{"self":[{"href":"https:\/\/247stiri.ro\/index.php\/wp-json\/wp\/v2\/posts\/33076","targetHints":{"allow":["GET"]}}],"collection":[{"href":"https:\/\/247stiri.ro\/index.php\/wp-json\/wp\/v2\/posts"}],"about":[{"href":"https:\/\/247stiri.ro\/index.php\/wp-json\/wp\/v2\/types\/post"}],"replies":[{"embeddable":true,"href":"https:\/\/247stiri.ro\/index.php\/wp-json\/wp\/v2\/comments?post=33076"}],"version-history":[{"count":0,"href":"https:\/\/247stiri.ro\/index.php\/wp-json\/wp\/v2\/posts\/33076\/revisions"}],"wp:featuredmedia":[{"embeddable":true,"href":"https:\/\/247stiri.ro\/index.php\/wp-json\/wp\/v2\/media\/33077"}],"wp:attachment":[{"href":"https:\/\/247stiri.ro\/index.php\/wp-json\/wp\/v2\/media?parent=33076"}],"wp:term":[{"taxonomy":"category","embeddable":true,"href":"https:\/\/247stiri.ro\/index.php\/wp-json\/wp\/v2\/categories?post=33076"},{"taxonomy":"post_tag","embeddable":true,"href":"https:\/\/247stiri.ro\/index.php\/wp-json\/wp\/v2\/tags?post=33076"}],"curies":[{"name":"wp","href":"https:\/\/api.w.org\/{rel}","templated":true}]}}